{"id":31481,"date":"2025-11-13T11:06:31","date_gmt":"2025-11-13T14:06:31","guid":{"rendered":"https:\/\/impactodenoticias.com.ar\/?p=31481"},"modified":"2025-11-14T10:26:56","modified_gmt":"2025-11-14T13:26:56","slug":"corte-de-agua-a-quienes-afecta-y-como-son-los-trabajos-que-se-llevan-adelante-en-parana","status":"publish","type":"post","link":"https:\/\/impactodenoticias.com.ar\/?p=31481","title":{"rendered":"Corte de agua: a qui\u00e9nes afecta y c\u00f3mo son los trabajos que se llevan adelante en Paran\u00e1"},"content":{"rendered":"\n<h2 class=\"wp-block-heading\">Se produjo un importante corte de agua en Paran\u00e1 debido a tareas que realiza la Municipalidad este jueves. La interrupci\u00f3n del servicio afecta a la zona centro, oeste y suroeste de la ciudad. Eduardo Lor\u00e9fice, secretario de Planeamiento e Infraestructura, brind\u00f3 detalles de los trabajos que se efectuan.<\/h2>\n\n\n\n<p>\u201cEstamos instalando una nueva ca\u00f1er\u00eda de impulsi\u00f3n desde la planta Echeverr\u00eda hacia la de Avenida Ram\u00edrez. Se est\u00e1 instalando el manifold, que es la conexi\u00f3n entre una ca\u00f1er\u00eda existente y la derivaci\u00f3n a la nueva. No hay otra forma de hacerlo que no sea con la interrupci\u00f3n del servicio\u201d, se\u00f1al\u00f3.<\/p>\n\n\n\n<p>Y a\u00f1adi\u00f3: \u201cEs una obra que venimos realizando en etapas. El a\u00f1o pasado se hizo una ca\u00f1er\u00eda de 630 mm. Todos los a\u00f1os ponemos recursos municipales, son obras 100% paranaenses para brindar un mejor servicio a la comunidad. Esta obra en particular contempla una inversi\u00f3n aproximada de $6 mil millones\u201d.<\/p>\n\n\n\n<p>Mayra Collante, subsecretaria de Recursos H\u00eddricos, indic\u00f3 que se aguarda que los trabajos concluyan por la tarde y que el servicio se reanude de forma progresiva durante la noche y madrugada.<\/p>\n\n\n\n<p>Cortes de agua en Paran\u00e1 por obras en la red<\/p>\n\n\n\n<p>La Municipalidad de Paran\u00e1 comenz\u00f3 este jueves con los trabajos previstos en la Planta Echeverr\u00eda, en el marco del Plan de Fortalecimiento del Agua Potable.<\/p>\n\n\n\n<p>La intervenci\u00f3n forma parte de la obra que permitir\u00e1 incrementar la provisi\u00f3n de agua potabilizada al Centro Distribuidor Ram\u00edrez, mejorando la distribuci\u00f3n hacia la zona oeste de la ciudad.<\/p>\n\n\n\n<p>Las tareas comenzaron a las 7 de la ma\u00f1ana del jueves e implicar\u00e1n un corte programado del suministro, que podr\u00eda afectar durante la jornada a distintos sectores del ejido urbano (baja presi\u00f3n o corte de servicio en el ejido urbano de la ciudad, situado hacia el oeste de calles Ayacucho, Artigas y zonas aleda\u00f1as).<\/p>\n\n\n\n<p>La normalizaci\u00f3n se realizar\u00e1 de manera progresiva durante las pr\u00f3ximas horas.<\/p>\n\n\n\n<p>Esta obra, financiada \u00edntegramente con recursos municipales, representa una etapa clave en la modernizaci\u00f3n del sistema de agua potable y apunta a mejorar la eficiencia, la capacidad y la sustentabilidad del servicio en toda la ciudad.<\/p>\n","protected":false},"excerpt":{"rendered":"<p>Se produjo un importante corte de agua en Paran&aacute; debido a tareas que realiza la Municipalidad este jueves. La interrupci&oacute;n del servicio afecta a la zona centro, oeste y suroeste de la ciudad. Eduardo Lor&eacute;fice, secretario de Planeamiento e Infraestructura, brind&oacute; detalles de los trabajos que se efectuan. &ldquo;Estamos instalando una nueva ca&ntilde;er&iacute;a de impulsi&oacute;n [&hellip;]<\/p>\n","protected":false},"author":2,"featured_media":31482,"comment_status":"closed","ping_status":"closed","sticky":false,"template":"","format":"standard","meta":{"footnotes":""},"categories":[3,1902,49],"tags":[878,882,95],"class_list":["post-31481","post","type-post","status-publish","format-standard","has-post-thumbnail","hentry","category-locales","category-municipales","category-sociedad","tag-agua","tag-corte","tag-parana"],"_links":{"self":[{"href":"https:\/\/impactodenoticias.com.ar\/index.php?rest_route=\/wp\/v2\/posts\/31481","targetHints":{"allow":["GET"]}}],"collection":[{"href":"https:\/\/impactodenoticias.com.ar\/index.php?rest_route=\/wp\/v2\/posts"}],"about":[{"href":"https:\/\/impactodenoticias.com.ar\/index.php?rest_route=\/wp\/v2\/types\/post"}],"author":[{"embeddable":true,"href":"https:\/\/impactodenoticias.com.ar\/index.php?rest_route=\/wp\/v2\/users\/2"}],"replies":[{"embeddable":true,"href":"https:\/\/impactodenoticias.com.ar\/index.php?rest_route=%2Fwp%2Fv2%2Fcomments&post=31481"}],"version-history":[{"count":1,"href":"https:\/\/impactodenoticias.com.ar\/index.php?rest_route=\/wp\/v2\/posts\/31481\/revisions"}],"predecessor-version":[{"id":31483,"href":"https:\/\/impactodenoticias.com.ar\/index.php?rest_route=\/wp\/v2\/posts\/31481\/revisions\/31483"}],"wp:featuredmedia":[{"embeddable":true,"href":"https:\/\/impactodenoticias.com.ar\/index.php?rest_route=\/wp\/v2\/media\/31482"}],"wp:attachment":[{"href":"https:\/\/impactodenoticias.com.ar\/index.php?rest_route=%2Fwp%2Fv2%2Fmedia&parent=31481"}],"wp:term":[{"taxonomy":"category","embeddable":true,"href":"https:\/\/impactodenoticias.com.ar\/index.php?rest_route=%2Fwp%2Fv2%2Fcategories&post=31481"},{"taxonomy":"post_tag","embeddable":true,"href":"https:\/\/impactodenoticias.com.ar\/index.php?rest_route=%2Fwp%2Fv2%2Ftags&post=31481"}],"curies":[{"name":"wp","href":"https:\/\/api.w.org\/{rel}","templated":true}]}}