{"id":31484,"date":"2025-11-13T17:20:32","date_gmt":"2025-11-13T20:20:32","guid":{"rendered":"https:\/\/impactodenoticias.com.ar\/?p=31484"},"modified":"2025-11-14T10:26:51","modified_gmt":"2025-11-14T13:26:51","slug":"el-senado-sanciono-la-elevacion-a-municipio-de-la-comuna-de-sauce-montrull","status":"publish","type":"post","link":"https:\/\/impactodenoticias.com.ar\/?p=31484","title":{"rendered":"El Senado sancion\u00f3 la elevaci\u00f3n a municipio de la comuna de Sauce Montrull"},"content":{"rendered":"\n<h2 class=\"wp-block-heading\">La C\u00e1mara de Senadores de Entre R\u00edos celebr\u00f3 este jueves la 17\u00aa Sesi\u00f3n Ordinaria correspondiente al 146\u00ba Periodo Legislativo, donde se dio sanci\u00f3n definitiva a la demarcaci\u00f3n del radio y los datos extra\u00eddos del Censo Nacional de Poblaci\u00f3n, Hogares y Viviendas 2022, en relaci\u00f3n al futuro Municipio de Sauce Montrull. Entre otras iniciativas tratadas, se modific\u00f3 el proyecto de ley Mecenazgo Deportivo y regresa a Diputados para su revisi\u00f3n.<\/h2>\n\n\n\n<p>En el recinto de la Honorable C\u00e1mara de Senadores, el senador y vicepresidente primero de la C\u00e1mara, Rafael Cavagna (Nogoy\u00e1 \u2013 Juntos Por Entre R\u00edos) presidi\u00f3 este jueves la 17\u00aa Sesi\u00f3n Ordinaria correspondiente al 146\u00ba Per\u00edodo Legislativo. Estuvo asistida por el secretario de C\u00e1mara de Senadores, Sergio Avero y la prosecretaria, Sara Foletto.<\/p>\n\n\n\n<p>La sesi\u00f3n cont\u00f3 con la presencia de 15 legisladores y quorum reglamentario. El senador Martin Oliva (Uruguay \u2013 M\u00e1s para Entre R\u00edos) justific\u00f3 la ausencia de sus pares Patricia D\u00eda (La Paz \u2013 M\u00e1s para Entre R\u00edos) y Claudia Silva (Paran\u00e1 \u2013 M\u00e1s Para Entre R\u00edos).<\/p>\n\n\n\n<p>La Bandera Nacional fue izada por el senador Jaime Benedetti (Gualeguaych\u00fa \u2013 Juntos Por Entre R\u00edos) y la Bandera de Entre R\u00edos, por el senador Marcelo Berthet (San Salvador \u2013 M\u00e1s Para Entre R\u00edos).<\/p>\n\n\n\n<p><strong>Sauce Montrull, futuro municipio<\/strong><\/p>\n\n\n\n<p>Los senadores trataron y aprobaron sobre tablas el proyecto de ley de autor\u00eda del Poder Ejecutivo por el cual se aprueba la demarcaci\u00f3n del radio y los datos extra\u00eddos del Censo Nacional de Poblaci\u00f3n, Hogares y Viviendas A\u00f1o 2022, en relaci\u00f3n al futuro Municipio de Sauce Montrull, Departamento Paran\u00e1 (Expediente N\u00ba 28.428).<\/p>\n\n\n\n<p>Al hacer uso de la palabra, el senador Rub\u00e9n Dal Mol\u00edn (Federaci\u00f3n \u2013 Juntos Por Entre R\u00edos) manifest\u00f3: \u201cNo hay nada m\u00e1s valedero para el dictado de esta norma que el pedido concreto expresado en la voluntad de los propios habitantes de la actual comuna y futuro municipio de Sauce Montrull. Refleja esta ley que hoy aprobamos, la preocupaci\u00f3n y el largo trabajo permanente, por cierto, de la se\u00f1ora presidente actual de la comuna, Soledad Daneri, y los miembros comuneros. Ellos nos han hecho llegar sus inquietudes, pero sobre todas las cosas y en algunas reuniones de comisi\u00f3n, formales e informales, los fundamentos palpables de la necesidad del cambio de esta categor\u00eda\u201d.<\/p>\n\n\n\n<p>Para el legislador \u201cdesde lo institucional, esta ley no es m\u00e1s que encuadrar a una comunidad en el marco de una norma superior que regula la integraci\u00f3n, conformaci\u00f3n y la creaci\u00f3n de municipios. Unanimidad en comisi\u00f3n, unanimidad en pleno en este pleno, han presentado el benepl\u00e1cito que sentimos hoy todos los senadores de aprobar esta ley\u201d.<\/p>\n\n\n\n<p>Por \u00faltimo, dirigido a las autoridades y a la comunidad, Dal Mol\u00edn expres\u00f3: \u201cComo senadores, nos ponemos a disposici\u00f3n de ayudar y colaborar. Pueden contar con nuestra experiencia en el marco del desaf\u00edo institucional que en muy poco plazo iniciar\u00e1n. Este Senado tiene en su conformaci\u00f3n ex intendentes, ex funcionarios municipales que seguramente est\u00e1n dispuestos a dar una mano\u201d, asever\u00f3.<\/p>\n\n\n\n<p><strong>Creaci\u00f3n del Consejo Interuniversitario Provincial de Entre R\u00edos<\/strong><\/p>\n\n\n\n<p>El Senado aprob\u00f3 tambi\u00e9n sobre tablas y por unanimidad el proyecto de Ley de autor\u00eda del senador Oliva por el que se crea el Consejo Interuniversitario Provincial de Entre R\u00edos (C.I.P.E.R.), con la finalidad de articular y coordinar acciones entre el Gobierno de la Provincia de Entre R\u00edos y las Universidades Provinciales y Nacionales con sede en su territorio sean de gesti\u00f3n estatal o privada (Expediente N\u00ba 15.292). La iniciativa fue remitida a Diputados para su revisi\u00f3n.<\/p>\n\n\n\n<p>El senador por el departamento Uruguay pidi\u00f3 la palabra para argumentar su iniciativa y expres\u00f3: \u201cEn nuestro caso, trajimos un proyecto eco de lo que se hizo en Concepci\u00f3n del Uruguay y que funcion\u00f3\u201d, asegur\u00f3 Oliva tras indicar que el proyecto cuenta con el acompa\u00f1amiento de todos los integrantes de la Comisi\u00f3n de Educaci\u00f3n, Ciencia y Tecnolog\u00eda que \u00e9l preside.<\/p>\n\n\n\n<p>En otro tramo de su alocuci\u00f3n, mencion\u00f3 la vista de autoridades universitarias invitadas a la Comisi\u00f3n, como as\u00ed tambi\u00e9n de la presidenta de la C\u00e1mara de Senadores, Alicia Aluani, \u201clo cual fue para nosotros muy gratificante\u201d, valor\u00f3 el senador.<\/p>\n\n\n\n<p>Entre otras aclaraciones, Oliva habl\u00f3 del consenso y explic\u00f3 con ejemplos qu\u00e9 significa un Consejo Interuniversitario en la provincia de Entre R\u00edos. \u201cYa lo hicimos en Concepci\u00f3n del Uruguay, yo no vengo a traer algo para que genere un problema\u201d, remarc\u00f3.<\/p>\n\n\n\n<p><strong>Ley de Mecenazgo Deportivo<\/strong><\/p>\n\n\n\n<p>En esta sesi\u00f3n, los senadores aprobaron con modificaciones el proyecto de ley de autor\u00eda del Poder Ejecutivo y de la diputada D\u00e9bora Todoni en revisi\u00f3n, por el cual regula la participaci\u00f3n p\u00fablica y privada en la promoci\u00f3n y est\u00edmulo del deporte (Expediente N\u00b0 27.368-28.014 Unificados). El mismo fue remitido a la C\u00e1mara de Diputados para su revisi\u00f3n.<\/p>\n\n\n\n<p>El senador por el departamento Col\u00f3n, Ramiro Favre (Juntos por Entre R\u00edos) pidi\u00f3 la palabra para hablar de la iniciativa que ya cuenta con la sanci\u00f3n de la C\u00e1mara de Diputados. \u201cLa ley de mecenazgo deportivo es muy importante para el quehacer deportivo, social y de la salud, para toda la provincia\u201d, expres\u00f3 tras destacar \u201cel compromiso, la dedicaci\u00f3n y el trabajo legislativo, por eso no nos queda m\u00e1s que agradecer a los colegas y tambi\u00e9n a quienes han sumado sus aportes correspondientes para que esto realmente sea una pol\u00edtica de Estado\u201d.<\/p>\n\n\n\n<p>Indic\u00f3, adem\u00e1s, que el objetivo es estimular las actividades deportivas, que se trata de \u201cuna herramienta que no me cabe la menor duda, que va a ser de importancia no solamente para la gesti\u00f3n provincial, sino tambi\u00e9n para la Secretar\u00eda de Deportes, es la autoridad de aplicaci\u00f3n. L\u00f3gicamente que lo que quer\u00edamos es hacer un proyecto totalmente adecuado a los tiempos que corren\u201d, dijo al tiempo que remarc\u00f3 la importancia del Fondo Solidario.<\/p>\n\n\n\n<p>Pidi\u00f3 a sus pares el acompa\u00f1amiento con su voto afirmativo \u201cpara poder ayudar desde la gesti\u00f3n provincial a todas las instituciones y personas que as\u00ed lo deseen\u201d.<\/p>\n\n\n\n<p>Por su parte, el senador Juan Diego Conti (Tala- M\u00e1s para Entre R\u00edos), se\u00f1al\u00f3: \u201cEl deporte es mucho m\u00e1s que una pr\u00e1ctica f\u00edsica, es una escuela de vida en cada partido en cada entrenamiento. Nuestros gurises y gurisas aprenden valores fundamentales como es el esfuerzo, el trabajo en equipo, la solidaridad y el respeto. Invertir en educaci\u00f3n, en salud y sobre todo, en nuestro futuro de nuestra querida Entre R\u00edos. A lo largo de toda nuestra provincia y especialmente en el interior los clubes cumplen un rol social muy importante que dir\u00eda que no tiene reemplazo: son espacios de contenci\u00f3n de respeto de igualdad de oportunidades. Muchas veces el Estado no llega no llega con toda su fuerza y ah\u00ed est\u00e1n nuestros clubes sostenidos por el esfuerzo de dirigentes de vecinos de padres de familia que lo dan todo\u201d, consider\u00f3.<\/p>\n\n\n\n<p>En otro fragmento de su discurso, el legislador manifest\u00f3: \u201cEl r\u00e9gimen de mecenazgo deportivo que hoy trabajamos y felicito a los padres porque creo que en lo que va de dos a\u00f1os que uno est\u00e1 ac\u00e1 creo que fue una de las leyes que m\u00e1s trabajamos, que a m\u00e1s comisiones hemos convocado y realmente la hemos pulido de principio a fin buscando lo mejor y que esto se vuelque en nuestros clubes\u201d.<\/p>\n\n\n\n<p>\u201cEsta iniciativa no es s\u00f3lo una norma es una oportunidad para sembrar futuro porque cada peso invertido en deporte es una apuesta a la inclusi\u00f3n a la salud a la convivencia a la esperanza a la solidaridad\u201d, dijo Conti tras solicitar el acompa\u00f1amiento de sus pares.<\/p>\n\n\n\n<p><strong>Otros proyectos aprobados<\/strong><\/p>\n\n\n\n<p>En otra instancia de la sesi\u00f3n, los senadores aprobaron por unanimidad el proyecto de Ley de autor\u00eda del Poder Ejecutivo por el que se declara de utilidad p\u00fablica y sujeto a expropiaci\u00f3n un inmueble ubicado en el Municipio de Pueblo General Belgrano, departamento Gualeguaych\u00fa, que tendr\u00e1 como fin espec\u00edfico y determinado al saneamiento y cierre definitivo del basural a cielo abierto que se encuentra en el inmueble referenciado (expediente N\u00ba 28.372); como tambi\u00e9n la iniciativa de autor\u00eda del senador Benedetti por la que se declara Patrimonio Hist\u00f3rico, Arquitect\u00f3nico y Cultural de la provincia de Entre R\u00edos el casco hist\u00f3rico del Colegio Malvina Segu\u00ed de Clavarino de la ciudad de Gualeguaych\u00fa (expediente N\u00ba 15.543). Ambos proyectos pasaron a Diputados para su revisi\u00f3n.<\/p>\n\n\n\n<p>Adem\u00e1s, sobre tablas, los legisladores aprobaron por unanimidad tres proyectos de ley de autor\u00eda del Poder Ejecutivo, mediante los cuales se autoriza al Superior Gobierno de la Provincia a transferir a t\u00edtulo de donaci\u00f3n un inmueble de su propiedad a favor de la \u201cAsociaci\u00f3n Civil Adultos Mayores en Lucha\u201d en la ciudad de Gualeguaych\u00fa (Expediente N\u00ba 28.373); una fracci\u00f3n de un inmueble propiedad de la Municipalidad de Ceibas (Expediente N\u00ba 15.300); y un veh\u00edculo Marca Renault Trafic que pertenec\u00eda al Centro de Salud \u201cEnfermera Dioliria Joannas\u201d de La Clarita, a favor de la Comuna de la misma localidad de Departamento Col\u00f3n, el cual ser\u00e1 destinado para uso interno como utilitario (Expediente N\u00ba 15.397). Tambi\u00e9n el cuerpo dio su aprobaci\u00f3n por unanimidad al expediente N\u00ba 28.134, que contiene un proyecto de Ley remitido desde la C\u00e1mara de Diputados, por el cual la Provincia de Entre R\u00edos adhiere al \u201cR\u00e9gimen de Transparencia Fiscal al Consumidor\u201d, establecido por el T\u00edtulo VII de la Ley Nacional 27.743; y el proyecto de Ley contenido en el expediente N\u00b0 26.723, autor\u00eda del diputado Maneiro, por el que se declara \u201cD\u00eda del Empleado Comunal\u201d al 28 de noviembre de cada a\u00f1o.<\/p>\n\n\n\n<p><strong>Proyectos ingresados<\/strong><\/p>\n\n\n\n<p>En esta sesi\u00f3n, ingresaron dos expedientes que contienen proyectos de ley de autor\u00eda del Poder Ejecutivo. Uno por el cual se aprueba el ingreso del Gobierno de la Provincia de Entre R\u00edos al Consorcio Interjurisdiccional Regional denominado \u201cMancomunidad Parque Ambiental del Gran Paran\u00e1\u201d (N\u00b0 15.551), que fue remitido a la Comisiones de Asuntos Municipales, y de Ambiente y Desarrollo Sustentable para su tratamiento; y otro por el que se modifica la Ley N\u00ba 9.892 \u2013 R\u00e9gimen Jur\u00eddico de la Carrera Profesional Asistencial Sanitaria (Expediente N\u00ba 15.562), que fue enviado a la Comisi\u00f3n de Salud P\u00fablica y Drogadicci\u00f3n.<\/p>\n\n\n\n<p>Por otro lado, tomaron estado parlamentario dos proyectos de ley presentados por los senadores. Uno de autor\u00eda del senador Hern\u00e1n M\u00e9ndez (Islas \u2013 Juntos Por Entre R\u00edos) por el que la Provincia de Entre R\u00edos se adhiere en todos sus t\u00e9rminos a la Ley Nacional N\u00b0 27.491, que establece la pol\u00edtica p\u00fablica de vacunaci\u00f3n como una estrategia sanitaria de inter\u00e9s nacional. (Expediente N\u00b0 15.552), que fue remitido a la Comisi\u00f3n de Salud P\u00fablica y Drogadicci\u00f3n; y otro elaborado por el senador Juan Pablo Cosso (Villaguay \u2013 M\u00e1s Para Entre R\u00edos) por el que se promueve la transformaci\u00f3n digital de Micro, Peque\u00f1as y Medianas Empresas (MiPyMEs) radicadas en la provincia de Entre R\u00edos (Expediente N\u00b0 15.557), que ser\u00e1 abordado por la Comisi\u00f3n de Educaci\u00f3n, Ciencia y Tecnolog\u00eda.<\/p>\n","protected":false},"excerpt":{"rendered":"<p>La C&aacute;mara de Senadores de Entre R&iacute;os celebr&oacute; este jueves la 17&ordf; Sesi&oacute;n Ordinaria correspondiente al 146&ordm; Periodo Legislativo, donde se dio sanci&oacute;n definitiva a la demarcaci&oacute;n del radio y los datos extra&iacute;dos del Censo Nacional de Poblaci&oacute;n, Hogares y Viviendas 2022, en relaci&oacute;n al futuro Municipio de Sauce Montrull. Entre otras iniciativas tratadas, se [&hellip;]<\/p>\n","protected":false},"author":2,"featured_media":31485,"comment_status":"closed","ping_status":"closed","sticky":false,"template":"","format":"standard","meta":{"footnotes":""},"categories":[11,4,49],"tags":[4326,33,1825,5857,288],"class_list":["post-31484","post","type-post","status-publish","format-standard","has-post-thumbnail","hentry","category-politica","category-provinciales","category-sociedad","tag-elevacion","tag-entre-rios","tag-municipio","tag-sauce-montrull","tag-senado"],"_links":{"self":[{"href":"https:\/\/impactodenoticias.com.ar\/index.php?rest_route=\/wp\/v2\/posts\/31484","targetHints":{"allow":["GET"]}}],"collection":[{"href":"https:\/\/impactodenoticias.com.ar\/index.php?rest_route=\/wp\/v2\/posts"}],"about":[{"href":"https:\/\/impactodenoticias.com.ar\/index.php?rest_route=\/wp\/v2\/types\/post"}],"author":[{"embeddable":true,"href":"https:\/\/impactodenoticias.com.ar\/index.php?rest_route=\/wp\/v2\/users\/2"}],"replies":[{"embeddable":true,"href":"https:\/\/impactodenoticias.com.ar\/index.php?rest_route=%2Fwp%2Fv2%2Fcomments&post=31484"}],"version-history":[{"count":1,"href":"https:\/\/impactodenoticias.com.ar\/index.php?rest_route=\/wp\/v2\/posts\/31484\/revisions"}],"predecessor-version":[{"id":31486,"href":"https:\/\/impactodenoticias.com.ar\/index.php?rest_route=\/wp\/v2\/posts\/31484\/revisions\/31486"}],"wp:featuredmedia":[{"embeddable":true,"href":"https:\/\/impactodenoticias.com.ar\/index.php?rest_route=\/wp\/v2\/media\/31485"}],"wp:attachment":[{"href":"https:\/\/impactodenoticias.com.ar\/index.php?rest_route=%2Fwp%2Fv2%2Fmedia&parent=31484"}],"wp:term":[{"taxonomy":"category","embeddable":true,"href":"https:\/\/impactodenoticias.com.ar\/index.php?rest_route=%2Fwp%2Fv2%2Fcategories&post=31484"},{"taxonomy":"post_tag","embeddable":true,"href":"https:\/\/impactodenoticias.com.ar\/index.php?rest_route=%2Fwp%2Fv2%2Ftags&post=31484"}],"curies":[{"name":"wp","href":"https:\/\/api.w.org\/{rel}","templated":true}]}}