{"id":31504,"date":"2025-11-14T10:11:50","date_gmt":"2025-11-14T13:11:50","guid":{"rendered":"https:\/\/impactodenoticias.com.ar\/?p=31504"},"modified":"2025-11-14T10:11:51","modified_gmt":"2025-11-14T13:11:51","slug":"detuvieron-al-gordo-jorge-acusado-del-millonario-robo-a-una-estacion-de-servicios-en-entre-rios","status":"publish","type":"post","link":"https:\/\/impactodenoticias.com.ar\/?p=31504","title":{"rendered":"Detuvieron al \u201cGordo Jorge\u201d, acusado del millonario robo a una estaci\u00f3n de servicios en Entre R\u00edos"},"content":{"rendered":"\n<h2 class=\"wp-block-heading\">En la Ciudad Aut\u00f3noma de Buenos Aires arrestaron a un sospechoso acusado del millonario robo registrado en una estaci\u00f3n de servicios de Entre R\u00edos. Se trata del asalto a la Agropetrolera Chajar\u00ed, hecho que se produjo el domingo 20 de julio.<\/h2>\n\n\n\n<p>Seg\u00fan se inform\u00f3 a <strong>IMPACTO DE NOTICIAS<\/strong>, este jueves, la Superintendencia de Investigaciones Federales, a trav\u00e9s de la Divisi\u00f3n Homicidios, detuvo a J.A.P, conocido como \u201cGordo Jorge\u201d, de 48 a\u00f1os, quien era intensamente buscado por el hecho.<\/p>\n\n\n\n<p>El procedimiento se realiz\u00f3 en la zona de calle Miralla al 3.300, en Capital Federal. Tras su detenci\u00f3n, fue puesto a disposici\u00f3n de la Justicia.<\/p>\n","protected":false},"excerpt":{"rendered":"<p>En la Ciudad Aut&oacute;noma de Buenos Aires arrestaron a un sospechoso acusado del millonario robo registrado en una estaci&oacute;n de servicios de Entre R&iacute;os. Se trata del asalto a la Agropetrolera Chajar&iacute;, hecho que se produjo el domingo 20 de julio. Seg&uacute;n se inform&oacute; a IMPACTO DE NOTICIAS, este jueves, la Superintendencia de Investigaciones Federales, [&hellip;]<\/p>\n","protected":false},"author":2,"featured_media":31505,"comment_status":"closed","ping_status":"closed","sticky":false,"template":"","format":"standard","meta":{"footnotes":""},"categories":[8,4],"tags":[1144,5504,211,1003,33,6251],"class_list":["post-31504","post","type-post","status-publish","format-standard","has-post-thumbnail","hentry","category-policiales","category-provinciales","tag-asalto","tag-caba","tag-chajari","tag-detencion","tag-entre-rios","tag-gordo-jorge"],"_links":{"self":[{"href":"https:\/\/impactodenoticias.com.ar\/index.php?rest_route=\/wp\/v2\/posts\/31504","targetHints":{"allow":["GET"]}}],"collection":[{"href":"https:\/\/impactodenoticias.com.ar\/index.php?rest_route=\/wp\/v2\/posts"}],"about":[{"href":"https:\/\/impactodenoticias.com.ar\/index.php?rest_route=\/wp\/v2\/types\/post"}],"author":[{"embeddable":true,"href":"https:\/\/impactodenoticias.com.ar\/index.php?rest_route=\/wp\/v2\/users\/2"}],"replies":[{"embeddable":true,"href":"https:\/\/impactodenoticias.com.ar\/index.php?rest_route=%2Fwp%2Fv2%2Fcomments&post=31504"}],"version-history":[{"count":1,"href":"https:\/\/impactodenoticias.com.ar\/index.php?rest_route=\/wp\/v2\/posts\/31504\/revisions"}],"predecessor-version":[{"id":31506,"href":"https:\/\/impactodenoticias.com.ar\/index.php?rest_route=\/wp\/v2\/posts\/31504\/revisions\/31506"}],"wp:featuredmedia":[{"embeddable":true,"href":"https:\/\/impactodenoticias.com.ar\/index.php?rest_route=\/wp\/v2\/media\/31505"}],"wp:attachment":[{"href":"https:\/\/impactodenoticias.com.ar\/index.php?rest_route=%2Fwp%2Fv2%2Fmedia&parent=31504"}],"wp:term":[{"taxonomy":"category","embeddable":true,"href":"https:\/\/impactodenoticias.com.ar\/index.php?rest_route=%2Fwp%2Fv2%2Fcategories&post=31504"},{"taxonomy":"post_tag","embeddable":true,"href":"https:\/\/impactodenoticias.com.ar\/index.php?rest_route=%2Fwp%2Fv2%2Ftags&post=31504"}],"curies":[{"name":"wp","href":"https:\/\/api.w.org\/{rel}","templated":true}]}}