{"id":31507,"date":"2025-11-14T10:26:33","date_gmt":"2025-11-14T13:26:33","guid":{"rendered":"https:\/\/impactodenoticias.com.ar\/?p=31507"},"modified":"2025-11-14T10:26:33","modified_gmt":"2025-11-14T13:26:33","slug":"violenta-reyerta-en-bajada-grande-madre-e-hija-continuan-internadas-y-una-joven-fue-arrestada","status":"publish","type":"post","link":"https:\/\/impactodenoticias.com.ar\/?p=31507","title":{"rendered":"Violenta reyerta en bajada Grande: madre e hija contin\u00faan internadas y una joven fue arrestada"},"content":{"rendered":"\n<h2 class=\"wp-block-heading\">Una brutal pelea entre vecinos ocurrida el jueves a las 11 de la ma\u00f1ana en la zona de Croacia Sur y Cortada 1282, en Bajada Grande, Paran\u00e1, termin\u00f3 con dos mujeres internadas con heridas de arma blanca y una joven de 23 a\u00f1os detenida.<\/h2>\n\n\n\n<p>De acuerdo a fuentes policiales, el hecho se produjo tras una pelea entre varias mujeres que manten\u00edan conflictos previos por el robo de \u00abgallinas\u00bb.<\/p>\n\n\n\n<p>Durante la gresca, la hija de una mujer que hab\u00eda sido agredida en un primer momento tom\u00f3 un cuchillo y atac\u00f3 a sus vecinas, provoc\u00e1ndoles lesiones graves en el cuello y el abdomen. Las v\u00edctimas, de 38 y 23 a\u00f1os, fueron trasladadas de urgencia al Hospital San Mart\u00edn.<\/p>\n\n\n\n<p>La joven de 23 a\u00f1os presenta dos heridas punzantes: una en la regi\u00f3n cervical izquierda, que le provoc\u00f3 un hematoma sin complicaciones, y otra en el hemit\u00f3rax izquierdo, donde se le diagnostic\u00f3 un neumot\u00f3rax. Por esta \u00faltima lesi\u00f3n, se le coloc\u00f3 un tubo de avenamiento pleural. Se encuentra estable y ser\u00e1 trasladada a sala com\u00fan en las pr\u00f3ximas horas.<\/p>\n\n\n\n<p>Mientras que su madre, sufri\u00f3 m\u00faltiples heridas cortantes, presuntamente provocadas con un cuchillo tipo Tramontina. Aunque no se detectaron lesiones internas graves, permanecer\u00e1 internada bajo control del servicio de cirug\u00eda general.<\/p>\n\n\n\n<p>Informado de lo ocurrido a la Fiscal\u00eda en turno, se orden\u00f3 la detenci\u00f3n de la agresora, tambi\u00e9n de 23 a\u00f1os, quien fue trasladada a la alcaid\u00eda de Tribunales. La investigaci\u00f3n avanza para esclarecer las circunstancias del hecho y determinar responsabilidades.<\/p>\n","protected":false},"excerpt":{"rendered":"<p>Una brutal pelea entre vecinos ocurrida el jueves a las 11 de la ma&ntilde;ana en la zona de Croacia Sur y Cortada 1282, en Bajada Grande, Paran&aacute;, termin&oacute; con dos mujeres internadas con heridas de arma blanca y una joven de 23 a&ntilde;os detenida. De acuerdo a fuentes policiales, el hecho se produjo tras una [&hellip;]<\/p>\n","protected":false},"author":2,"featured_media":31508,"comment_status":"closed","ping_status":"closed","sticky":false,"template":"","format":"standard","meta":{"footnotes":""},"categories":[3,8],"tags":[656,1663,6252,1079,95,118],"class_list":["post-31507","post","type-post","status-publish","format-standard","has-post-thumbnail","hentry","category-locales","category-policiales","tag-bajada-grande","tag-detenida","tag-internadas","tag-mujeres","tag-parana","tag-policiales"],"_links":{"self":[{"href":"https:\/\/impactodenoticias.com.ar\/index.php?rest_route=\/wp\/v2\/posts\/31507","targetHints":{"allow":["GET"]}}],"collection":[{"href":"https:\/\/impactodenoticias.com.ar\/index.php?rest_route=\/wp\/v2\/posts"}],"about":[{"href":"https:\/\/impactodenoticias.com.ar\/index.php?rest_route=\/wp\/v2\/types\/post"}],"author":[{"embeddable":true,"href":"https:\/\/impactodenoticias.com.ar\/index.php?rest_route=\/wp\/v2\/users\/2"}],"replies":[{"embeddable":true,"href":"https:\/\/impactodenoticias.com.ar\/index.php?rest_route=%2Fwp%2Fv2%2Fcomments&post=31507"}],"version-history":[{"count":1,"href":"https:\/\/impactodenoticias.com.ar\/index.php?rest_route=\/wp\/v2\/posts\/31507\/revisions"}],"predecessor-version":[{"id":31509,"href":"https:\/\/impactodenoticias.com.ar\/index.php?rest_route=\/wp\/v2\/posts\/31507\/revisions\/31509"}],"wp:featuredmedia":[{"embeddable":true,"href":"https:\/\/impactodenoticias.com.ar\/index.php?rest_route=\/wp\/v2\/media\/31508"}],"wp:attachment":[{"href":"https:\/\/impactodenoticias.com.ar\/index.php?rest_route=%2Fwp%2Fv2%2Fmedia&parent=31507"}],"wp:term":[{"taxonomy":"category","embeddable":true,"href":"https:\/\/impactodenoticias.com.ar\/index.php?rest_route=%2Fwp%2Fv2%2Fcategories&post=31507"},{"taxonomy":"post_tag","embeddable":true,"href":"https:\/\/impactodenoticias.com.ar\/index.php?rest_route=%2Fwp%2Fv2%2Ftags&post=31507"}],"curies":[{"name":"wp","href":"https:\/\/api.w.org\/{rel}","templated":true}]}}