{"id":31514,"date":"2025-11-14T19:59:48","date_gmt":"2025-11-14T22:59:48","guid":{"rendered":"https:\/\/impactodenoticias.com.ar\/?p=31514"},"modified":"2025-11-16T07:48:54","modified_gmt":"2025-11-16T10:48:54","slug":"parana-la-reconstruccion-de-la-muerte-de-gabriel-gusman-en-barrio-capiba-brindo-precisiones","status":"publish","type":"post","link":"https:\/\/impactodenoticias.com.ar\/?p=31514","title":{"rendered":"Paran\u00e1: la reconstrucci\u00f3n de la muerte de Gabriel Gusm\u00e1n en barrio Capib\u00e1 brind\u00f3 precisiones"},"content":{"rendered":"\n<h2 class=\"wp-block-heading\">Este viernes al mediod\u00eda se llev\u00f3 adelante la reconstrucci\u00f3n del crimen de Gabriel Gusm\u00e1n, hecho sucedido en septiembre de 2018 en barrio Capib\u00e1. La medida permiti\u00f3 a las partes contar con precisiones sobre la din\u00e1mica del hecho y las posiciones que asumi\u00f3 la v\u00edctima y los polic\u00edas imputados.<\/h2>\n\n\n\n<p>Alejandro Grippo, juez t\u00e9cnico del juicio por jurados que se debate desde el martes para determinar las responsabilidades de los polic\u00edas Diego \u00cdbalo y Rodrigo Molina en la violenta muerte de Gabriel Gusm\u00e1n, sucedida el 25 de septiembre de 2018 en barrio Capib\u00e1, fue quien dirigi\u00f3 la reconstrucci\u00f3n del hecho que se realiz\u00f3 este viernes en el populoso barrio ubicado en el sureste de Paran\u00e1. Tal como viene sucediendo en las anteriores audiencias en el sal\u00f3n de Actos del Poder Judicial, Grippo condujo la medida, con severidad y atenci\u00f3n y contuvo a las partes, que volvieron a sostener apasionados cruces respecto de sus posiciones.<\/p>\n\n\n\n<p>La medida que se llev\u00f3 adelante a siete a\u00f1os del crimen se inici\u00f3 a las 12:24 en la esquina de las calles 924 y 939, en una de las esquinas del barrio donde se encuentra una precaria cancha de f\u00fatbol y una placita humilde. En medio de un riguroso operativo de seguridad que cont\u00f3 con la participaci\u00f3n de efectivos de la Polic\u00eda de Entre R\u00edos y de Gendarmer\u00eda Nacional, el juez y las partes recorrieron el lugar ante la curiosa mirada de unos pocos vecinos que siguieron con poco inter\u00e9s el despliegue de m\u00f3viles y personas ajenas al paisaje del lugar.<\/p>\n\n\n\n<p>En la reconstrucci\u00f3n se utiliz\u00f3 el m\u00f3vil 1021 que lleg\u00f3 aquel tr\u00e1gico mediod\u00eda al barrio Capib\u00e1. Se pudo observar c\u00f3mo atraves\u00f3 la cancha de manera diagonal hasta ubicarse en la calle, a metros del ingreso a un amplio callej\u00f3n peatonal, donde cay\u00f3 Gusm\u00e1n despu\u00e9s de una breve persecuci\u00f3n. La medida pudo determinar que entre el lugar donde cay\u00f3 Gusm\u00e1n y los polic\u00edas imputados existi\u00f3 una distancia de 49,5 metros. Esta distancia es la que existi\u00f3 entre la posici\u00f3n en que qued\u00f3 el cad\u00e1ver de Gusm\u00e1n y la vaina servida que se hall\u00f3 en las primeras diligencias investigativas y fue disparada por el arma de uno de los funcionarios.<\/p>\n\n\n\n<p>La medida tambi\u00e9n clarific\u00f3 la correspondencia de los testimonios de dos vecinas, una era la pareja de un hombre apodado Chano, que mantuvo un altercado con Gusm\u00e1n minutoa antes de la balacera que motiv\u00f3 que se llamara a la Polic\u00eda. Seg\u00fan se pudo determinar, el relato que ambas prestaron en Tribunales coincidi\u00f3 con lo que se pudo ver en el terreno. Ambas expresaron que ten\u00edan una vista clara y despejada y pudieron ver parte de la persecuci\u00f3n, que Gusm\u00e1n le dispar\u00f3 a los funcionarios y el accionar de los funcionarios que repelieron la agresi\u00f3n.<\/p>\n\n\n\n<p>Dej\u00f3 en evidencia adem\u00e1s una nueva supuesta contradicci\u00f3n en el testimonio de un testigo presencial que habr\u00eda cambiado en tres oportunidades su testimonio. En la jornada del jueves se pidi\u00f3 su procesamiento por el delito de \u00abFalso Testimonio\u00bb, puesto que en la audiencia su declaraci\u00f3n exhibi\u00f3 contradicciones con lo que hab\u00eda manifestado, bajo juramento de decir verdad, en 2018, cuando se\u00f1al\u00f3 que no vio caer a Gusm\u00e1n. El jueves dijo que s\u00ed lo vio caer y hoy dijo que vio cuando la Polic\u00eda dispar\u00f3 y vio a Gusm\u00e1n en el piso. Adem\u00e1s fue parte de la reconstrucci\u00f3n un testigo que est\u00e1 preso con condena porque fue hallado culpable de dos cr\u00edmenes, que sostiene la versi\u00f3n de una ejecuci\u00f3n.<\/p>\n\n\n\n<p><strong>Los roles<\/strong><\/p>\n\n\n\n<p>El sospechado de disparar es Molina, en tanto que a Ibalo, que tambi\u00e9n dispar\u00f3, se le imputa no haber impedido que su compa\u00f1ero descienda del m\u00f3vil, pusiera rodilla en tierra, adoptara posici\u00f3n de disparo y lo hiciera impactando en la nuca del joven que hu\u00eda pero en ese instante habr\u00eda detenido la carrera, situaci\u00f3n que fue aclarada por un forense de larga experiencia en Tribunales que en una audiencia precis\u00f3 que el cuerpo estaba en movimiento cuando recibe el impacto de bala. Los funcionarios son asistidos por los letrados, Daniel Rosatelli, que en el caso de Molina cuenta con el acompa\u00f1amiento de Miguel Cullen, y en el de Molina, con Patricio Cozzi.<\/p>\n\n\n\n<p>La querella aut\u00f3noma \u2013puesto que Fiscal\u00eda dispuso el archivo provisorio de la investigaci\u00f3n- le atribuye a Molina que \u00abel 25 de septiembre de 2018 aproximadamente a las 12:15, en una cortada publica situada por calle 941 a metros de calle 924 del barrio Capib\u00e1 de Paran\u00e1, haber dado muerte a Gusm\u00e1n, en circunstancias en que Molina e Ibalo, en su calidad de funcionarios de la Polic\u00eda de Entre R\u00edos, se hicieran presentes en tal lugar a bordo del m\u00f3vil 1021 conducido por Ibalo, a ra\u00edz del llamado efectuado por una vecina a la Divisi\u00f3n 911 y Video Vigilancia de la PER solicitando la presencia policial por un altercado all\u00ed suscitado, e iniciaran una persecuci\u00f3n de Gusm\u00e1n, efectuando durante la misma Ibalo al menos un disparo contra aquel, y caus\u00e1ndole la muerte Molina a consecuencia del tiro que le perpetrara con su pistola reglamentaria FM Browning, calibre 9 mm, ingresando el proyectil en la regi\u00f3n parieto-occipital izquierda provocando destrucci\u00f3n de masa encef\u00e1lica por pasaje de proyectil disparado por arma de fuego\u2026\u201d. #ImpactoDeNoticias<\/p>\n","protected":false},"excerpt":{"rendered":"<p>Este viernes al mediod&iacute;a se llev&oacute; adelante la reconstrucci&oacute;n del crimen de Gabriel Gusm&aacute;n, hecho sucedido en septiembre de 2018 en barrio Capib&aacute;. La medida permiti&oacute; a las partes contar con precisiones sobre la din&aacute;mica del hecho y las posiciones que asumi&oacute; la v&iacute;ctima y los polic&iacute;as imputados. Alejandro Grippo, juez t&eacute;cnico del juicio por [&hellip;]<\/p>\n","protected":false},"author":2,"featured_media":31515,"comment_status":"closed","ping_status":"closed","sticky":false,"template":"","format":"standard","meta":{"footnotes":""},"categories":[90,3,8],"tags":[6226,369,95,6256],"class_list":["post-31514","post","type-post","status-publish","format-standard","has-post-thumbnail","hentry","category-judicial","category-locales","category-policiales","tag-gabriel-gusman","tag-muerte","tag-parana","tag-reconstruccion"],"_links":{"self":[{"href":"https:\/\/impactodenoticias.com.ar\/index.php?rest_route=\/wp\/v2\/posts\/31514","targetHints":{"allow":["GET"]}}],"collection":[{"href":"https:\/\/impactodenoticias.com.ar\/index.php?rest_route=\/wp\/v2\/posts"}],"about":[{"href":"https:\/\/impactodenoticias.com.ar\/index.php?rest_route=\/wp\/v2\/types\/post"}],"author":[{"embeddable":true,"href":"https:\/\/impactodenoticias.com.ar\/index.php?rest_route=\/wp\/v2\/users\/2"}],"replies":[{"embeddable":true,"href":"https:\/\/impactodenoticias.com.ar\/index.php?rest_route=%2Fwp%2Fv2%2Fcomments&post=31514"}],"version-history":[{"count":2,"href":"https:\/\/impactodenoticias.com.ar\/index.php?rest_route=\/wp\/v2\/posts\/31514\/revisions"}],"predecessor-version":[{"id":31517,"href":"https:\/\/impactodenoticias.com.ar\/index.php?rest_route=\/wp\/v2\/posts\/31514\/revisions\/31517"}],"wp:featuredmedia":[{"embeddable":true,"href":"https:\/\/impactodenoticias.com.ar\/index.php?rest_route=\/wp\/v2\/media\/31515"}],"wp:attachment":[{"href":"https:\/\/impactodenoticias.com.ar\/index.php?rest_route=%2Fwp%2Fv2%2Fmedia&parent=31514"}],"wp:term":[{"taxonomy":"category","embeddable":true,"href":"https:\/\/impactodenoticias.com.ar\/index.php?rest_route=%2Fwp%2Fv2%2Fcategories&post=31514"},{"taxonomy":"post_tag","embeddable":true,"href":"https:\/\/impactodenoticias.com.ar\/index.php?rest_route=%2Fwp%2Fv2%2Ftags&post=31514"}],"curies":[{"name":"wp","href":"https:\/\/api.w.org\/{rel}","templated":true}]}}