{"id":31552,"date":"2025-11-17T09:55:09","date_gmt":"2025-11-17T12:55:09","guid":{"rendered":"https:\/\/impactodenoticias.com.ar\/?p=31552"},"modified":"2025-11-18T10:52:40","modified_gmt":"2025-11-18T13:52:40","slug":"parana-cortes-y-desvios-en-la-zona-centrica-de-la-ciudad-por-trabajos-de-repavimentacion","status":"publish","type":"post","link":"https:\/\/impactodenoticias.com.ar\/?p=31552","title":{"rendered":"Paran\u00e1: cortes y desv\u00edos en la zona c\u00e9ntrica de la ciudad por trabajos de repavimentaci\u00f3n"},"content":{"rendered":"\n<h2 class=\"wp-block-heading\">Avanzan las obras de repavimentaci\u00f3n en la zona oeste de Paran\u00e1. Los trabajos que llevan adelante desde la Municipalidad buscan mejorar la accesibilidad y reforzar la seguridad en la circulaci\u00f3n. Este lunes 17 se inician las tareas de cateo para la posterior excavaci\u00f3n en calle Pir\u00e1n.<\/h2>\n\n\n\n<p>Al igual que el resto de las intervenciones viales de la ciudad, se realizan en el marco del Plan Calle a Calle, con fondos 100% paranaenses. La obra forma parte del plan integral para recuperar la trama vial en distintos sectores de Paran\u00e1.<\/p>\n\n\n\n<p>El programa incluye bacheo con asfalto y hormig\u00f3n, construcci\u00f3n y reparaci\u00f3n de cordones, cunetas con mejorado, y tareas complementarias que contemplan la resoluci\u00f3n de p\u00e9rdidas en ca\u00f1er\u00edas de agua y cloaca.<\/p>\n\n\n\n<p>Para avanzar con estas intervenciones, ser\u00e1 necesaria la interrupci\u00f3n del tr\u00e1nsito en calle Coronel Pir\u00e1n, entre bulevar Perette e Ituzaing\u00f3. Adem\u00e1s habr\u00e1 cortes en la intersecci\u00f3n de Ituzaing\u00f3 y Pellegrini, con el objetivo de garantizar seguridad ante la modificaci\u00f3n del recorrido de los transportes de carga que ingresan al conocido supermercado de la zona<\/p>\n\n\n\n<p>El plazo estimado de los trabajos es de aproximadamente 30 d\u00edas. Se pide a las y los vecinos transitar con precauci\u00f3n y respetar las indicaciones del personal de tr\u00e1nsito y se\u00f1alizaci\u00f3n.<\/p>\n","protected":false},"excerpt":{"rendered":"<p>Avanzan las obras de repavimentaci&oacute;n en la zona oeste de Paran&aacute;. Los trabajos que llevan adelante desde la Municipalidad buscan mejorar la accesibilidad y reforzar la seguridad en la circulaci&oacute;n. Este lunes 17 se inician las tareas de cateo para la posterior excavaci&oacute;n en calle Pir&aacute;n. Al igual que el resto de las intervenciones viales [&hellip;]<\/p>\n","protected":false},"author":2,"featured_media":31553,"comment_status":"closed","ping_status":"closed","sticky":false,"template":"","format":"standard","meta":{"footnotes":""},"categories":[3,1902],"tags":[3356,6274,102,95,2242],"class_list":["post-31552","post","type-post","status-publish","format-standard","has-post-thumbnail","hentry","category-locales","category-municipales","tag-cortes","tag-desvios","tag-municipalidad","tag-parana","tag-repavimentacion"],"_links":{"self":[{"href":"https:\/\/impactodenoticias.com.ar\/index.php?rest_route=\/wp\/v2\/posts\/31552","targetHints":{"allow":["GET"]}}],"collection":[{"href":"https:\/\/impactodenoticias.com.ar\/index.php?rest_route=\/wp\/v2\/posts"}],"about":[{"href":"https:\/\/impactodenoticias.com.ar\/index.php?rest_route=\/wp\/v2\/types\/post"}],"author":[{"embeddable":true,"href":"https:\/\/impactodenoticias.com.ar\/index.php?rest_route=\/wp\/v2\/users\/2"}],"replies":[{"embeddable":true,"href":"https:\/\/impactodenoticias.com.ar\/index.php?rest_route=%2Fwp%2Fv2%2Fcomments&post=31552"}],"version-history":[{"count":1,"href":"https:\/\/impactodenoticias.com.ar\/index.php?rest_route=\/wp\/v2\/posts\/31552\/revisions"}],"predecessor-version":[{"id":31554,"href":"https:\/\/impactodenoticias.com.ar\/index.php?rest_route=\/wp\/v2\/posts\/31552\/revisions\/31554"}],"wp:featuredmedia":[{"embeddable":true,"href":"https:\/\/impactodenoticias.com.ar\/index.php?rest_route=\/wp\/v2\/media\/31553"}],"wp:attachment":[{"href":"https:\/\/impactodenoticias.com.ar\/index.php?rest_route=%2Fwp%2Fv2%2Fmedia&parent=31552"}],"wp:term":[{"taxonomy":"category","embeddable":true,"href":"https:\/\/impactodenoticias.com.ar\/index.php?rest_route=%2Fwp%2Fv2%2Fcategories&post=31552"},{"taxonomy":"post_tag","embeddable":true,"href":"https:\/\/impactodenoticias.com.ar\/index.php?rest_route=%2Fwp%2Fv2%2Ftags&post=31552"}],"curies":[{"name":"wp","href":"https:\/\/api.w.org\/{rel}","templated":true}]}}