{"id":31581,"date":"2025-11-18T17:39:12","date_gmt":"2025-11-18T20:39:12","guid":{"rendered":"https:\/\/impactodenoticias.com.ar\/?p=31581"},"modified":"2025-11-18T17:39:12","modified_gmt":"2025-11-18T20:39:12","slug":"peligro-intentaron-secuestrar-a-una-nina-al-salir-de-una-escuela-en-federacion","status":"publish","type":"post","link":"https:\/\/impactodenoticias.com.ar\/?p=31581","title":{"rendered":"PELIGRO: intentaron secuestrar a una ni\u00f1a al salir de una escuela en Federaci\u00f3n"},"content":{"rendered":"\n<h2 class=\"wp-block-heading\">Una grave denuncia gener\u00f3 gran preocupaci\u00f3n este martes a la ciudad de Federaci\u00f3n y en particular la comunidad educativa del barrio El Boyero, cuando una mujer asegur\u00f3 que un hombre intent\u00f3 llevarse a su hija de 6 a\u00f1os a la salida de la Escuela N\u00ba 44. La polic\u00eda de la comisar\u00eda Tercera ya trabaja para constatar el hecho.<\/h2>\n\n\n\n<p>Seg\u00fan relat\u00f3 la madre, su hija le cont\u00f3 que un hombre con anteojos oscuros, sentado en una camioneta negra estacionada frente al establecimiento, comenz\u00f3 a llamarla y a ofrecerle caramelos, insistiendo para que se acercara porque \u201cquer\u00eda llevarla\u201d.<\/p>\n\n\n\n<p>El relato se vuelve a\u00fan m\u00e1s grave, cuando la menor asegura que el sujeto habr\u00eda intentado sujetarla del guardapolvo. Afortunadamente la nena pudo soltarse y corri\u00f3 hasta su casa, ubicada a pocos metros de la escuela.<\/p>\n\n\n\n<p>Seg\u00fan publicaron medios locales, la familia se present\u00f3 de inmediato en la comisar\u00eda, situada justo frente al colegio. All\u00ed la ni\u00f1a volvi\u00f3 a describir lo ocurrido en presencia de su madre. Los efectivos revisaban las c\u00e1maras de la zona para determinar si las im\u00e1genes respaldan la denuncia realizada.<\/p>\n\n\n\n<p>La madre explic\u00f3 que no busca generar alarma, pero pidi\u00f3 a la comunidad extremar los cuidados, especialmente cuando los chicos salen solos de la escuela.<\/p>\n","protected":false},"excerpt":{"rendered":"<p>Una grave denuncia gener&oacute; gran preocupaci&oacute;n este martes a la ciudad de Federaci&oacute;n y en particular la comunidad educativa del barrio El Boyero, cuando una mujer asegur&oacute; que un hombre intent&oacute; llevarse a su hija de 6 a&ntilde;os a la salida de la Escuela N&ordm; 44. La polic&iacute;a de la comisar&iacute;a Tercera ya trabaja para [&hellip;]<\/p>\n","protected":false},"author":2,"featured_media":31582,"comment_status":"closed","ping_status":"closed","sticky":false,"template":"","format":"standard","meta":{"footnotes":""},"categories":[8,4],"tags":[166,272,1138,499,118,3961,220],"class_list":["post-31581","post","type-post","status-publish","format-standard","has-post-thumbnail","hentry","category-policiales","category-provinciales","tag-escuela","tag-federacion","tag-intento","tag-nena","tag-policiales","tag-salida","tag-secuestro"],"_links":{"self":[{"href":"https:\/\/impactodenoticias.com.ar\/index.php?rest_route=\/wp\/v2\/posts\/31581","targetHints":{"allow":["GET"]}}],"collection":[{"href":"https:\/\/impactodenoticias.com.ar\/index.php?rest_route=\/wp\/v2\/posts"}],"about":[{"href":"https:\/\/impactodenoticias.com.ar\/index.php?rest_route=\/wp\/v2\/types\/post"}],"author":[{"embeddable":true,"href":"https:\/\/impactodenoticias.com.ar\/index.php?rest_route=\/wp\/v2\/users\/2"}],"replies":[{"embeddable":true,"href":"https:\/\/impactodenoticias.com.ar\/index.php?rest_route=%2Fwp%2Fv2%2Fcomments&post=31581"}],"version-history":[{"count":1,"href":"https:\/\/impactodenoticias.com.ar\/index.php?rest_route=\/wp\/v2\/posts\/31581\/revisions"}],"predecessor-version":[{"id":31583,"href":"https:\/\/impactodenoticias.com.ar\/index.php?rest_route=\/wp\/v2\/posts\/31581\/revisions\/31583"}],"wp:featuredmedia":[{"embeddable":true,"href":"https:\/\/impactodenoticias.com.ar\/index.php?rest_route=\/wp\/v2\/media\/31582"}],"wp:attachment":[{"href":"https:\/\/impactodenoticias.com.ar\/index.php?rest_route=%2Fwp%2Fv2%2Fmedia&parent=31581"}],"wp:term":[{"taxonomy":"category","embeddable":true,"href":"https:\/\/impactodenoticias.com.ar\/index.php?rest_route=%2Fwp%2Fv2%2Fcategories&post=31581"},{"taxonomy":"post_tag","embeddable":true,"href":"https:\/\/impactodenoticias.com.ar\/index.php?rest_route=%2Fwp%2Fv2%2Ftags&post=31581"}],"curies":[{"name":"wp","href":"https:\/\/api.w.org\/{rel}","templated":true}]}}