{"id":31587,"date":"2025-11-19T09:25:10","date_gmt":"2025-11-19T12:25:10","guid":{"rendered":"https:\/\/impactodenoticias.com.ar\/?p=31587"},"modified":"2025-11-20T10:13:42","modified_gmt":"2025-11-20T13:13:42","slug":"investigacion-descarto-supuesto-intento-de-rapto-de-una-nena-a-la-salida-de-la-escuela-en-federacion","status":"publish","type":"post","link":"https:\/\/impactodenoticias.com.ar\/?p=31587","title":{"rendered":"Investigaci\u00f3n descart\u00f3 supuesto intento de rapto de una nena a la salida de la escuela en Federaci\u00f3n"},"content":{"rendered":"\n<h2 class=\"wp-block-heading\">La Jefatura Departamental Federaci\u00f3n, a trav\u00e9s de la Comisar\u00eda Tercera, comunic\u00f3 que este lunes 17 se inici\u00f3 una investigaci\u00f3n por una supuesta tentativa de rapto denunciada por la madre de una menor a la salida de la Escuela N\u00ba 44 \u201cEl Boyero\u201d. Este martes luego de un exhaustivo an\u00e1lisis de las pruebas obtenidas la Polic\u00eda comunic\u00f3 que el hecho \u00abno existi\u00f3\u00bb.<\/h2>\n\n\n\n<p>Seg\u00fan se inform\u00f3 a<strong> IMPACTO DE NOTICIAS<\/strong>, ante la situaci\u00f3n, personal policial realiz\u00f3 entrevistas con vecinos, padres y directivos, adem\u00e1s de revisar las c\u00e1maras de seguridad del establecimiento y de la zona. De todas las averiguaciones no surgi\u00f3 ning\u00fan hecho extra\u00f1o ni la presencia de veh\u00edculos sospechosos vinculados a lo expuesto en la denuncia.<\/p>\n\n\n\n<p>Se constat\u00f3 que la menor ten\u00eda autorizaci\u00f3n materna para retirarse por sus propios medios y que la docente a cargo no advirti\u00f3 ninguna irregularidad. Durante las entrevistas, la madre aport\u00f3 versiones diferentes sobre el horario y al veh\u00edculo mencionado.<\/p>\n\n\n\n<p>Las autoridades se\u00f1alaron que no se detectaron elementos que acrediten un intento de rapto y que podr\u00eda tratarse de una confusi\u00f3n generada por la menor al dirigirse hacia un domicilio distinto al habitual. De todos modos, la investigaci\u00f3n contin\u00faa y la polic\u00eda mantiene tareas de prevenci\u00f3n durante el egreso de alumnos en los establecimientos escolares de la ciudad.<\/p>\n\n\n\n<p><\/p>\n\n\n\n<figure class=\"wp-block-embed is-type-wp-embed is-provider-incrustado wp-block-embed-incrustado\"><div class=\"wp-block-embed__wrapper\">\n<blockquote class=\"wp-embedded-content\" data-secret=\"9V4xRKR0UG\"><a href=\"https:\/\/impactodenoticias.com.ar\/?p=31581\">PELIGRO: intentaron secuestrar a una ni\u00f1a al salir de una escuela en Federaci\u00f3n<\/a><\/blockquote><iframe loading=\"lazy\" class=\"wp-embedded-content\" sandbox=\"allow-scripts\" security=\"restricted\" style=\"position: absolute; visibility: hidden;\" title=\"\u00abPELIGRO: intentaron secuestrar a una ni\u00f1a al salir de una escuela en Federaci\u00f3n\u00bb \u2014 \" src=\"https:\/\/impactodenoticias.com.ar\/?p=31581&#038;embed=true#?secret=8i3jedLUe4#?secret=9V4xRKR0UG\" data-secret=\"9V4xRKR0UG\" width=\"600\" height=\"338\" frameborder=\"0\" marginwidth=\"0\" marginheight=\"0\" scrolling=\"no\"><\/iframe>\n<\/div><\/figure>\n\n\n\n<p><\/p>\n\n\n\n<p><\/p>\n","protected":false},"excerpt":{"rendered":"<p>La Jefatura Departamental Federaci&oacute;n, a trav&eacute;s de la Comisar&iacute;a Tercera, comunic&oacute; que este lunes 17 se inici&oacute; una investigaci&oacute;n por una supuesta tentativa de rapto denunciada por la madre de una menor a la salida de la Escuela N&ordm; 44 &ldquo;El Boyero&rdquo;. Este martes luego de un exhaustivo an&aacute;lisis de las pruebas obtenidas la Polic&iacute;a [&hellip;]<\/p>\n","protected":false},"author":2,"featured_media":31588,"comment_status":"closed","ping_status":"closed","sticky":false,"template":"","format":"standard","meta":{"footnotes":""},"categories":[8,4],"tags":[4806,272,1138,499,118,6283],"class_list":["post-31587","post","type-post","status-publish","format-standard","has-post-thumbnail","hentry","category-policiales","category-provinciales","tag-falso","tag-federacion","tag-intento","tag-nena","tag-policiales","tag-rapto"],"_links":{"self":[{"href":"https:\/\/impactodenoticias.com.ar\/index.php?rest_route=\/wp\/v2\/posts\/31587","targetHints":{"allow":["GET"]}}],"collection":[{"href":"https:\/\/impactodenoticias.com.ar\/index.php?rest_route=\/wp\/v2\/posts"}],"about":[{"href":"https:\/\/impactodenoticias.com.ar\/index.php?rest_route=\/wp\/v2\/types\/post"}],"author":[{"embeddable":true,"href":"https:\/\/impactodenoticias.com.ar\/index.php?rest_route=\/wp\/v2\/users\/2"}],"replies":[{"embeddable":true,"href":"https:\/\/impactodenoticias.com.ar\/index.php?rest_route=%2Fwp%2Fv2%2Fcomments&post=31587"}],"version-history":[{"count":1,"href":"https:\/\/impactodenoticias.com.ar\/index.php?rest_route=\/wp\/v2\/posts\/31587\/revisions"}],"predecessor-version":[{"id":31589,"href":"https:\/\/impactodenoticias.com.ar\/index.php?rest_route=\/wp\/v2\/posts\/31587\/revisions\/31589"}],"wp:featuredmedia":[{"embeddable":true,"href":"https:\/\/impactodenoticias.com.ar\/index.php?rest_route=\/wp\/v2\/media\/31588"}],"wp:attachment":[{"href":"https:\/\/impactodenoticias.com.ar\/index.php?rest_route=%2Fwp%2Fv2%2Fmedia&parent=31587"}],"wp:term":[{"taxonomy":"category","embeddable":true,"href":"https:\/\/impactodenoticias.com.ar\/index.php?rest_route=%2Fwp%2Fv2%2Fcategories&post=31587"},{"taxonomy":"post_tag","embeddable":true,"href":"https:\/\/impactodenoticias.com.ar\/index.php?rest_route=%2Fwp%2Fv2%2Ftags&post=31587"}],"curies":[{"name":"wp","href":"https:\/\/api.w.org\/{rel}","templated":true}]}}