{"id":31596,"date":"2025-11-19T10:03:57","date_gmt":"2025-11-19T13:03:57","guid":{"rendered":"https:\/\/impactodenoticias.com.ar\/?p=31596"},"modified":"2025-11-19T10:03:58","modified_gmt":"2025-11-19T13:03:58","slug":"parana-arrestaron-a-un-profugo-en-el-refugio-municipal-de-parana","status":"publish","type":"post","link":"https:\/\/impactodenoticias.com.ar\/?p=31596","title":{"rendered":"Paran\u00e1: arrestaron a un pr\u00f3fugo en el Refugio Municipal de Paran\u00e1"},"content":{"rendered":"\n<h2 class=\"wp-block-heading\">Detuvieron a un hombre en el Refugio Municipal de Paran\u00e1. El arresto se registr\u00f3 este martes, el hombre ten\u00eda pedido de captura, seg\u00fan inform\u00f3 la Polic\u00eda. El involucrado se encuentra implicado en una causa por narcomenudeo y tras su detenci\u00f3n qued\u00f3 a disposici\u00f3n de la Justicia.<\/h2>\n\n\n\n<p>De acuerdo al reporte policial, a las 21, personal de la Comisar\u00eda 2\u00aa, efectu\u00f3 un operativo en el refugio ubicado en calle Belgrano 587, a ra\u00edz de un oficio emanado por el Juzgado de Garant\u00edas de Victoria.<\/p>\n\n\n\n<p><\/p>\n\n\n\n<figure class=\"wp-block-image size-full\"><img loading=\"lazy\" decoding=\"async\" width=\"696\" height=\"382\" src=\"https:\/\/impactodenoticias.com.ar\/wp-content\/uploads\/2025\/11\/refugio-municipal-parana-calle-belgrano.webp\" alt=\"\" class=\"wp-image-31598\" srcset=\"https:\/\/impactodenoticias.com.ar\/wp-content\/uploads\/2025\/11\/refugio-municipal-parana-calle-belgrano.webp 696w, https:\/\/impactodenoticias.com.ar\/wp-content\/uploads\/2025\/11\/refugio-municipal-parana-calle-belgrano-300x165.webp 300w\" sizes=\"auto, (max-width: 696px) 100vw, 696px\" \/><\/figure>\n\n\n\n<p><\/p>\n\n\n\n<p>\u201cEl detenido fue localizado gracias a un trabajo coordinado entre los m\u00f3viles policiales, que hicieron un seguimiento efectivo en la zona\u201d, se\u00f1alaron desde la Polici\u00eda.<\/p>\n\n\n\n<p>Luego de la comunicaci\u00f3n con la Sub Directora de OGA Victoria, el individuo fue trasladado a la Alcaid\u00eda de Tribunales, donde quedo a disposici\u00f3n de la justicia.<\/p>\n","protected":false},"excerpt":{"rendered":"<p>Detuvieron a un hombre en el Refugio Municipal de Paran&aacute;. El arresto se registr&oacute; este martes, el hombre ten&iacute;a pedido de captura, seg&uacute;n inform&oacute; la Polic&iacute;a. El involucrado se encuentra implicado en una causa por narcomenudeo y tras su detenci&oacute;n qued&oacute; a disposici&oacute;n de la Justicia. De acuerdo al reporte policial, a las 21, personal [&hellip;]<\/p>\n","protected":false},"author":2,"featured_media":31597,"comment_status":"closed","ping_status":"closed","sticky":false,"template":"","format":"standard","meta":{"footnotes":""},"categories":[3,8],"tags":[175,273,95,6286],"class_list":["post-31596","post","type-post","status-publish","format-standard","has-post-thumbnail","hentry","category-locales","category-policiales","tag-detenido","tag-narcomenudeo","tag-parana","tag-refugio"],"_links":{"self":[{"href":"https:\/\/impactodenoticias.com.ar\/index.php?rest_route=\/wp\/v2\/posts\/31596","targetHints":{"allow":["GET"]}}],"collection":[{"href":"https:\/\/impactodenoticias.com.ar\/index.php?rest_route=\/wp\/v2\/posts"}],"about":[{"href":"https:\/\/impactodenoticias.com.ar\/index.php?rest_route=\/wp\/v2\/types\/post"}],"author":[{"embeddable":true,"href":"https:\/\/impactodenoticias.com.ar\/index.php?rest_route=\/wp\/v2\/users\/2"}],"replies":[{"embeddable":true,"href":"https:\/\/impactodenoticias.com.ar\/index.php?rest_route=%2Fwp%2Fv2%2Fcomments&post=31596"}],"version-history":[{"count":1,"href":"https:\/\/impactodenoticias.com.ar\/index.php?rest_route=\/wp\/v2\/posts\/31596\/revisions"}],"predecessor-version":[{"id":31599,"href":"https:\/\/impactodenoticias.com.ar\/index.php?rest_route=\/wp\/v2\/posts\/31596\/revisions\/31599"}],"wp:featuredmedia":[{"embeddable":true,"href":"https:\/\/impactodenoticias.com.ar\/index.php?rest_route=\/wp\/v2\/media\/31597"}],"wp:attachment":[{"href":"https:\/\/impactodenoticias.com.ar\/index.php?rest_route=%2Fwp%2Fv2%2Fmedia&parent=31596"}],"wp:term":[{"taxonomy":"category","embeddable":true,"href":"https:\/\/impactodenoticias.com.ar\/index.php?rest_route=%2Fwp%2Fv2%2Fcategories&post=31596"},{"taxonomy":"post_tag","embeddable":true,"href":"https:\/\/impactodenoticias.com.ar\/index.php?rest_route=%2Fwp%2Fv2%2Ftags&post=31596"}],"curies":[{"name":"wp","href":"https:\/\/api.w.org\/{rel}","templated":true}]}}