{"id":31602,"date":"2025-11-19T10:17:20","date_gmt":"2025-11-19T13:17:20","guid":{"rendered":"https:\/\/impactodenoticias.com.ar\/?p=31602"},"modified":"2025-11-19T10:17:20","modified_gmt":"2025-11-19T13:17:20","slug":"autovia-14-un-camion-cayo-en-un-arroyo-y-el-conductor-tuvo-que-ser-hospitalizado","status":"publish","type":"post","link":"https:\/\/impactodenoticias.com.ar\/?p=31602","title":{"rendered":"Autov\u00eda 14: un cami\u00f3n cay\u00f3 en un arroyo y el conductor tuvo que ser hospitalizado"},"content":{"rendered":"\n<h2 class=\"wp-block-heading\">Un cami\u00f3n cargado con arvejas termin\u00f3 cayendo en un arroyo a la vera de la autov\u00eda 14 en Entre R\u00edos, a unos 45 kil\u00f3metros de Concordia, tras impactar con el guardarrail.<\/h2>\n\n\n\n<p>El sinistro vial se registr\u00f3 en la madrugada de este martes, cerca de las 5.30, en el kil\u00f3metro 226 de la Ruta Nacional 14, entre las localidades de Pedernal y Clodomiro Ledesma. De acuerdo a informaci\u00f3n brindada por la Polic\u00eda, un cami\u00f3n Scania 113 con semirremolque, procedente de la provincia de C\u00f3rdoba y con destino a Uruguaiana (Brasil), cay\u00f3 al arroyo Pab\u00f3n, luego de impactar contra el guardarrail izquierdo del puente.<\/p>\n\n\n\n<p>Por motivos que se est\u00e1n investigando, el chofer perdi\u00f3 el control del veh\u00edculo y termin\u00f3 desbarrancando. El conductor, de nacionalidad brasile\u00f1a, sufri\u00f3 lesiones leves y fue trasladado al Hospital Delicia Concepci\u00f3n Masvernat para su debida atenci\u00f3n.<\/p>\n\n\n\n<p>Intervino personal policial de la comisar\u00eda de Calabacilla.<\/p>\n","protected":false},"excerpt":{"rendered":"<p>Un cami&oacute;n cargado con arvejas termin&oacute; cayendo en un arroyo a la vera de la autov&iacute;a 14 en Entre R&iacute;os, a unos 45 kil&oacute;metros de Concordia, tras impactar con el guardarrail. El sinistro vial se registr&oacute; en la madrugada de este martes, cerca de las 5.30, en el kil&oacute;metro 226 de la Ruta Nacional 14, [&hellip;]<\/p>\n","protected":false},"author":2,"featured_media":31603,"comment_status":"closed","ping_status":"closed","sticky":false,"template":"","format":"standard","meta":{"footnotes":""},"categories":[8,4],"tags":[2721,521,6287,36,545,1818,389],"class_list":["post-31602","post","type-post","status-publish","format-standard","has-post-thumbnail","hentry","category-policiales","category-provinciales","tag-arroyo","tag-autovia-14","tag-brasileno","tag-caida","tag-camion","tag-conductor","tag-herido"],"_links":{"self":[{"href":"https:\/\/impactodenoticias.com.ar\/index.php?rest_route=\/wp\/v2\/posts\/31602","targetHints":{"allow":["GET"]}}],"collection":[{"href":"https:\/\/impactodenoticias.com.ar\/index.php?rest_route=\/wp\/v2\/posts"}],"about":[{"href":"https:\/\/impactodenoticias.com.ar\/index.php?rest_route=\/wp\/v2\/types\/post"}],"author":[{"embeddable":true,"href":"https:\/\/impactodenoticias.com.ar\/index.php?rest_route=\/wp\/v2\/users\/2"}],"replies":[{"embeddable":true,"href":"https:\/\/impactodenoticias.com.ar\/index.php?rest_route=%2Fwp%2Fv2%2Fcomments&post=31602"}],"version-history":[{"count":1,"href":"https:\/\/impactodenoticias.com.ar\/index.php?rest_route=\/wp\/v2\/posts\/31602\/revisions"}],"predecessor-version":[{"id":31604,"href":"https:\/\/impactodenoticias.com.ar\/index.php?rest_route=\/wp\/v2\/posts\/31602\/revisions\/31604"}],"wp:featuredmedia":[{"embeddable":true,"href":"https:\/\/impactodenoticias.com.ar\/index.php?rest_route=\/wp\/v2\/media\/31603"}],"wp:attachment":[{"href":"https:\/\/impactodenoticias.com.ar\/index.php?rest_route=%2Fwp%2Fv2%2Fmedia&parent=31602"}],"wp:term":[{"taxonomy":"category","embeddable":true,"href":"https:\/\/impactodenoticias.com.ar\/index.php?rest_route=%2Fwp%2Fv2%2Fcategories&post=31602"},{"taxonomy":"post_tag","embeddable":true,"href":"https:\/\/impactodenoticias.com.ar\/index.php?rest_route=%2Fwp%2Fv2%2Ftags&post=31602"}],"curies":[{"name":"wp","href":"https:\/\/api.w.org\/{rel}","templated":true}]}}