{"id":31632,"date":"2025-11-20T10:08:13","date_gmt":"2025-11-20T13:08:13","guid":{"rendered":"https:\/\/impactodenoticias.com.ar\/?p=31632"},"modified":"2025-11-20T10:08:13","modified_gmt":"2025-11-20T13:08:13","slug":"se-registro-un-accidente-laboral-en-la-sala-mayo-de-parana","status":"publish","type":"post","link":"https:\/\/impactodenoticias.com.ar\/?p=31632","title":{"rendered":"Se registr\u00f3 un accidente laboral en la Sala Mayo de Paran\u00e1"},"content":{"rendered":"\n<h2 class=\"wp-block-heading\">Derivaron de urgencia a una trabajadora al Hospital San Mart\u00edn, tras padecer heridas de considereaci\u00f3n al caer de una escalera.<\/h2>\n\n\n\n<p>Una mujer result\u00f3 herida tras caer desde la altura en Sala Mayo de Paran\u00e1. Seg\u00fan se inform\u00f3 a <strong>IMPACTO DE NOTICIAS<\/strong>, se trat\u00f3 de una trabajadora que habr\u00eda ca\u00eddo desde una escalera.<\/p>\n\n\n\n<p>El hecho se produjo este jueves por la ma\u00f1ana. Luego del episodio, la ciudadana fue derivada de urgencia en ambulancia hacia el Hospital San Mart\u00edn, donde evaluar\u00e1n su estado de salud.<\/p>\n\n\n\n<p><\/p>\n\n\n\n<figure class=\"wp-block-video\"><video height=\"848\" style=\"aspect-ratio: 480 \/ 848;\" width=\"480\" controls src=\"https:\/\/impactodenoticias.com.ar\/wp-content\/uploads\/2025\/11\/WhatsApp-Video-2025-11-20-at-8.33.28-AM.mp4\"><\/video><\/figure>\n\n\n\n<p><\/p>\n\n\n\n<p><\/p>\n","protected":false},"excerpt":{"rendered":"<p>Derivaron de urgencia a una trabajadora al Hospital San Mart&iacute;n, tras padecer heridas de considereaci&oacute;n al caer de una escalera. Una mujer result&oacute; herida tras caer desde la altura en Sala Mayo de Paran&aacute;. Seg&uacute;n se inform&oacute; a IMPACTO DE NOTICIAS, se trat&oacute; de una trabajadora que habr&iacute;a ca&iacute;do desde una escalera. El hecho se [&hellip;]<\/p>\n","protected":false},"author":2,"featured_media":31633,"comment_status":"closed","ping_status":"closed","sticky":false,"template":"","format":"standard","meta":{"footnotes":""},"categories":[3,8],"tags":[120,209,95,1165],"class_list":["post-31632","post","type-post","status-publish","format-standard","has-post-thumbnail","hentry","category-locales","category-policiales","tag-accidente","tag-laboral","tag-parana","tag-sala-mayo"],"_links":{"self":[{"href":"https:\/\/impactodenoticias.com.ar\/index.php?rest_route=\/wp\/v2\/posts\/31632","targetHints":{"allow":["GET"]}}],"collection":[{"href":"https:\/\/impactodenoticias.com.ar\/index.php?rest_route=\/wp\/v2\/posts"}],"about":[{"href":"https:\/\/impactodenoticias.com.ar\/index.php?rest_route=\/wp\/v2\/types\/post"}],"author":[{"embeddable":true,"href":"https:\/\/impactodenoticias.com.ar\/index.php?rest_route=\/wp\/v2\/users\/2"}],"replies":[{"embeddable":true,"href":"https:\/\/impactodenoticias.com.ar\/index.php?rest_route=%2Fwp%2Fv2%2Fcomments&post=31632"}],"version-history":[{"count":1,"href":"https:\/\/impactodenoticias.com.ar\/index.php?rest_route=\/wp\/v2\/posts\/31632\/revisions"}],"predecessor-version":[{"id":31635,"href":"https:\/\/impactodenoticias.com.ar\/index.php?rest_route=\/wp\/v2\/posts\/31632\/revisions\/31635"}],"wp:featuredmedia":[{"embeddable":true,"href":"https:\/\/impactodenoticias.com.ar\/index.php?rest_route=\/wp\/v2\/media\/31633"}],"wp:attachment":[{"href":"https:\/\/impactodenoticias.com.ar\/index.php?rest_route=%2Fwp%2Fv2%2Fmedia&parent=31632"}],"wp:term":[{"taxonomy":"category","embeddable":true,"href":"https:\/\/impactodenoticias.com.ar\/index.php?rest_route=%2Fwp%2Fv2%2Fcategories&post=31632"},{"taxonomy":"post_tag","embeddable":true,"href":"https:\/\/impactodenoticias.com.ar\/index.php?rest_route=%2Fwp%2Fv2%2Ftags&post=31632"}],"curies":[{"name":"wp","href":"https:\/\/api.w.org\/{rel}","templated":true}]}}