{"id":31636,"date":"2025-11-20T10:12:25","date_gmt":"2025-11-20T13:12:25","guid":{"rendered":"https:\/\/impactodenoticias.com.ar\/?p=31636"},"modified":"2025-11-20T10:12:26","modified_gmt":"2025-11-20T13:12:26","slug":"ruta-12-un-joven-fallecio-en-el-lugar-tras-chocar-en-moto-con-su-moto-una-camioneta","status":"publish","type":"post","link":"https:\/\/impactodenoticias.com.ar\/?p=31636","title":{"rendered":"Ruta 12: un joven falleci\u00f3 en el lugar tras chocar en moto con su moto una camioneta"},"content":{"rendered":"\n<h2 class=\"wp-block-heading\">Muri\u00f3 un motociclista tras chocar de frente con una camioneta, ocurri\u00f3 en Ruta 12. El accidente vial se registr\u00f3 en horas de la madrugada en jurisdicci\u00f3n de Ceibas, departamento Islas del Ibicuy. La v\u00edctima ten\u00eda 35 a\u00f1os y fue identificada como Leonardo Cepeda.<\/h2>\n\n\n\n<p>Seg\u00fan informaron fuentes policiales, el impacto ocurri\u00f3 a la altura del kil\u00f3metro 161, en direcci\u00f3n de Gualeguay a Buenos Aires. La camioneta involucrada es una Renault Duster, que era conducida por un hombre domiciliado en Tigre, provincia de Buenos Aires.<\/p>\n\n\n\n<p><\/p>\n\n\n\n<figure class=\"wp-block-image size-full\"><img loading=\"lazy\" decoding=\"async\" width=\"1024\" height=\"683\" src=\"https:\/\/impactodenoticias.com.ar\/wp-content\/uploads\/2025\/11\/Ruta-12-Accidente-Fatal-Ceibas-1.webp\" alt=\"\" class=\"wp-image-31638\" srcset=\"https:\/\/impactodenoticias.com.ar\/wp-content\/uploads\/2025\/11\/Ruta-12-Accidente-Fatal-Ceibas-1.webp 1024w, https:\/\/impactodenoticias.com.ar\/wp-content\/uploads\/2025\/11\/Ruta-12-Accidente-Fatal-Ceibas-1-300x200.webp 300w, https:\/\/impactodenoticias.com.ar\/wp-content\/uploads\/2025\/11\/Ruta-12-Accidente-Fatal-Ceibas-1-768x512.webp 768w\" sizes=\"auto, (max-width: 1024px) 100vw, 1024px\" \/><\/figure>\n\n\n\n<p><\/p>\n\n\n\n<p>La v\u00edctima fatal era oriunda de Ceibas. En el hecho tom\u00f3 intervenci\u00f3n personal de Bomberos Voluntarios de la localidad y personal policial.<\/p>\n","protected":false},"excerpt":{"rendered":"<p>Muri&oacute; un motociclista tras chocar de frente con una camioneta, ocurri&oacute; en Ruta 12. El accidente vial se registr&oacute; en horas de la madrugada en jurisdicci&oacute;n de Ceibas, departamento Islas del Ibicuy. La v&iacute;ctima ten&iacute;a 35 a&ntilde;os y fue identificada como Leonardo Cepeda. Seg&uacute;n informaron fuentes policiales, el impacto ocurri&oacute; a la altura del kil&oacute;metro [&hellip;]<\/p>\n","protected":false},"author":2,"featured_media":31637,"comment_status":"closed","ping_status":"closed","sticky":false,"template":"","format":"standard","meta":{"footnotes":""},"categories":[8,4],"tags":[120,402,388,457,118,293],"class_list":["post-31636","post","type-post","status-publish","format-standard","has-post-thumbnail","hentry","category-policiales","category-provinciales","tag-accidente","tag-camioneta","tag-moto","tag-muerto","tag-policiales","tag-ruta-12"],"_links":{"self":[{"href":"https:\/\/impactodenoticias.com.ar\/index.php?rest_route=\/wp\/v2\/posts\/31636","targetHints":{"allow":["GET"]}}],"collection":[{"href":"https:\/\/impactodenoticias.com.ar\/index.php?rest_route=\/wp\/v2\/posts"}],"about":[{"href":"https:\/\/impactodenoticias.com.ar\/index.php?rest_route=\/wp\/v2\/types\/post"}],"author":[{"embeddable":true,"href":"https:\/\/impactodenoticias.com.ar\/index.php?rest_route=\/wp\/v2\/users\/2"}],"replies":[{"embeddable":true,"href":"https:\/\/impactodenoticias.com.ar\/index.php?rest_route=%2Fwp%2Fv2%2Fcomments&post=31636"}],"version-history":[{"count":1,"href":"https:\/\/impactodenoticias.com.ar\/index.php?rest_route=\/wp\/v2\/posts\/31636\/revisions"}],"predecessor-version":[{"id":31639,"href":"https:\/\/impactodenoticias.com.ar\/index.php?rest_route=\/wp\/v2\/posts\/31636\/revisions\/31639"}],"wp:featuredmedia":[{"embeddable":true,"href":"https:\/\/impactodenoticias.com.ar\/index.php?rest_route=\/wp\/v2\/media\/31637"}],"wp:attachment":[{"href":"https:\/\/impactodenoticias.com.ar\/index.php?rest_route=%2Fwp%2Fv2%2Fmedia&parent=31636"}],"wp:term":[{"taxonomy":"category","embeddable":true,"href":"https:\/\/impactodenoticias.com.ar\/index.php?rest_route=%2Fwp%2Fv2%2Fcategories&post=31636"},{"taxonomy":"post_tag","embeddable":true,"href":"https:\/\/impactodenoticias.com.ar\/index.php?rest_route=%2Fwp%2Fv2%2Ftags&post=31636"}],"curies":[{"name":"wp","href":"https:\/\/api.w.org\/{rel}","templated":true}]}}