{"id":31678,"date":"2025-11-22T11:40:54","date_gmt":"2025-11-22T14:40:54","guid":{"rendered":"https:\/\/impactodenoticias.com.ar\/?p=31678"},"modified":"2025-11-22T11:40:54","modified_gmt":"2025-11-22T14:40:54","slug":"ruta-14-un-camion-cargado-con-pollos-congelados-volco-tras-desprenderse-el-acoplado","status":"publish","type":"post","link":"https:\/\/impactodenoticias.com.ar\/?p=31678","title":{"rendered":"Ruta 14: un cami\u00f3n cargado con pollos congelados volc\u00f3 tras desprenderse el acoplado"},"content":{"rendered":"\n<h2 class=\"wp-block-heading\">En horas de la madrugada de este s\u00e1bado, un siniestro vial se produjo en la Ruta Nacional 14, a la altura del kil\u00f3metro 244, en jurisdicci\u00f3n de la Comisar\u00eda Colonia Yeru\u00e1.<\/h2>\n\n\n\n<p>Seg\u00fan se inform\u00f3 a <strong>IMPACTO DE NOTICIAS<\/strong>, un cami\u00f3n Iveco 440, que transportaba cajones de pollo congelado, protagoniz\u00f3 un impactante vuelco sl desprenderse su acoplado y terminara cayendo al cantero central. El impacto provoc\u00f3 la destrucci\u00f3n del acoplado y el desparramo de la carga sobre el suelo.<\/p>\n\n\n\n<p>El conductor del cami\u00f3n oriundo de Chajar\u00ed, presuntamente estar\u00eda en estado de ebriedad y huy\u00f3 del lugar luego del siniestro, dejando abandonada la unidad.<\/p>\n\n\n\n<p>El rodado qued\u00f3 atravesado sobre la cinta asf\u00e1ltica, cortando el carril r\u00e1pido de la mano norte-sur. Debido a esta situaci\u00f3n, el tr\u00e1nsito fue regulado en una sola v\u00eda, mientras se aguardaba la llegada de una gr\u00faa y otro cami\u00f3n para despejar completamente la ruta.<\/p>\n\n\n\n<p>Personal de la Comisar\u00eda Colonia Yeru\u00e1 trabaj\u00f3 en el lugar para ordenar la circulaci\u00f3n y preservar la zona del siniestro. Se dispusieron medidas de seguridad para evitar incidentes adicionales, dado que la carga permanec\u00eda esparcida en el \u00e1rea donde se hab\u00eda producido el vuelco.<\/p>\n\n\n\n<p>Las tareas de remoci\u00f3n y limpieza continuar\u00e1n hasta que la ruta quede totalmente habilitada. Afortunadamente no se reportaron heridos.<\/p>\n","protected":false},"excerpt":{"rendered":"<p>En horas de la madrugada de este s&aacute;bado, un siniestro vial se produjo en la Ruta Nacional 14, a la altura del kil&oacute;metro 244, en jurisdicci&oacute;n de la Comisar&iacute;a Colonia Yeru&aacute;. Seg&uacute;n se inform&oacute; a IMPACTO DE NOTICIAS, un cami&oacute;n Iveco 440, que transportaba cajones de pollo congelado, protagoniz&oacute; un impactante vuelco sl desprenderse su [&hellip;]<\/p>\n","protected":false},"author":2,"featured_media":31679,"comment_status":"closed","ping_status":"closed","sticky":false,"template":"","format":"standard","meta":{"footnotes":""},"categories":[8,4],"tags":[120,545,828,336],"class_list":["post-31678","post","type-post","status-publish","format-standard","has-post-thumbnail","hentry","category-policiales","category-provinciales","tag-accidente","tag-camion","tag-ruta-14","tag-vuelco"],"_links":{"self":[{"href":"https:\/\/impactodenoticias.com.ar\/index.php?rest_route=\/wp\/v2\/posts\/31678","targetHints":{"allow":["GET"]}}],"collection":[{"href":"https:\/\/impactodenoticias.com.ar\/index.php?rest_route=\/wp\/v2\/posts"}],"about":[{"href":"https:\/\/impactodenoticias.com.ar\/index.php?rest_route=\/wp\/v2\/types\/post"}],"author":[{"embeddable":true,"href":"https:\/\/impactodenoticias.com.ar\/index.php?rest_route=\/wp\/v2\/users\/2"}],"replies":[{"embeddable":true,"href":"https:\/\/impactodenoticias.com.ar\/index.php?rest_route=%2Fwp%2Fv2%2Fcomments&post=31678"}],"version-history":[{"count":1,"href":"https:\/\/impactodenoticias.com.ar\/index.php?rest_route=\/wp\/v2\/posts\/31678\/revisions"}],"predecessor-version":[{"id":31680,"href":"https:\/\/impactodenoticias.com.ar\/index.php?rest_route=\/wp\/v2\/posts\/31678\/revisions\/31680"}],"wp:featuredmedia":[{"embeddable":true,"href":"https:\/\/impactodenoticias.com.ar\/index.php?rest_route=\/wp\/v2\/media\/31679"}],"wp:attachment":[{"href":"https:\/\/impactodenoticias.com.ar\/index.php?rest_route=%2Fwp%2Fv2%2Fmedia&parent=31678"}],"wp:term":[{"taxonomy":"category","embeddable":true,"href":"https:\/\/impactodenoticias.com.ar\/index.php?rest_route=%2Fwp%2Fv2%2Fcategories&post=31678"},{"taxonomy":"post_tag","embeddable":true,"href":"https:\/\/impactodenoticias.com.ar\/index.php?rest_route=%2Fwp%2Fv2%2Ftags&post=31678"}],"curies":[{"name":"wp","href":"https:\/\/api.w.org\/{rel}","templated":true}]}}