{"id":31687,"date":"2025-11-23T09:20:55","date_gmt":"2025-11-23T12:20:55","guid":{"rendered":"https:\/\/impactodenoticias.com.ar\/?p=31687"},"modified":"2025-11-23T09:20:55","modified_gmt":"2025-11-23T12:20:55","slug":"parana-fue-identificado-el-motociclista-que-perdio-la-vida-en-el-accidente-en-ruta-12","status":"publish","type":"post","link":"https:\/\/impactodenoticias.com.ar\/?p=31687","title":{"rendered":"Paran\u00e1: fue identificado el motociclista que perdi\u00f3 la vida en el accidente en Ruta 12"},"content":{"rendered":"\n<h2 class=\"wp-block-heading\">Un accidente fatal se produjo aproximadamente a las 23:00 de este s\u00e1bado sobre la Ruta Nacional 12, a la altura del Aut\u00f3dromo de Paran\u00e1, en la localidad de Sauce Montrull.<\/h2>\n\n\n\n<p>La v\u00edctima fatal fue identificada como Alejandro Pereyra, de 60 a\u00f1os, domiciliado en San Benito, quien falleci\u00f3 en el acto luego de chocar con una camioneta Volkswagen Amarok.<\/p>\n\n\n\n<p>Seg\u00fan las primeras pericias, Pereyra circulaba en su motocicleta en sentido norte-sur cuando, aparentemente, habr\u00eda colisionado o intentado esquivar un roedor \u2014una comadreja\u2014. Esa maniobra le hizo perder la estabilidad y caer al asfalto, ingresando al carril contrario de circulaci\u00f3n sur-norte, por donde transitaba la camioneta Amarok que lo impact\u00f3 de lleno, provoc\u00e1ndole la muerte en el lugar.<\/p>\n\n\n\n<p>En el lugar trabaj\u00f3 personal policial y el fiscal Juan Manuel Pereira, quien dispuso las actuaciones de rigor y la preservaci\u00f3n de la escena. Las causas y responsabilidades del siniestro permanecen bajo investigaci\u00f3n.<\/p>\n\n\n\n<p><\/p>\n\n\n\n<figure class=\"wp-block-embed is-type-wp-embed is-provider-incrustado wp-block-embed-incrustado\"><div class=\"wp-block-embed__wrapper\">\n<blockquote class=\"wp-embedded-content\" data-secret=\"gsewWhml8s\"><a href=\"https:\/\/impactodenoticias.com.ar\/?p=31681\">Paran\u00e1: motociclista perdi\u00f3 la vida en un siniestro vial en cercan\u00edas al aut\u00f3dromo de la ciudad de Paran\u00e1<\/a><\/blockquote><iframe loading=\"lazy\" class=\"wp-embedded-content\" sandbox=\"allow-scripts\" security=\"restricted\" style=\"position: absolute; visibility: hidden;\" title=\"\u00abParan\u00e1: motociclista perdi\u00f3 la vida en un siniestro vial en cercan\u00edas al aut\u00f3dromo de la ciudad de Paran\u00e1\u00bb \u2014 \" src=\"https:\/\/impactodenoticias.com.ar\/?p=31681&#038;embed=true#?secret=SLwiI3Kh5m#?secret=gsewWhml8s\" data-secret=\"gsewWhml8s\" width=\"600\" height=\"338\" frameborder=\"0\" marginwidth=\"0\" marginheight=\"0\" scrolling=\"no\"><\/iframe>\n<\/div><\/figure>\n\n\n\n<p><\/p>\n\n\n\n<p><\/p>\n","protected":false},"excerpt":{"rendered":"<p>Un accidente fatal se produjo aproximadamente a las 23:00 de este s&aacute;bado sobre la Ruta Nacional 12, a la altura del Aut&oacute;dromo de Paran&aacute;, en la localidad de Sauce Montrull. La v&iacute;ctima fatal fue identificada como Alejandro Pereyra, de 60 a&ntilde;os, domiciliado en San Benito, quien falleci&oacute; en el acto luego de chocar con una [&hellip;]<\/p>\n","protected":false},"author":2,"featured_media":31688,"comment_status":"closed","ping_status":"closed","sticky":false,"template":"","format":"standard","meta":{"footnotes":""},"categories":[3,8],"tags":[120,402,388,457,95,293],"class_list":["post-31687","post","type-post","status-publish","format-standard","has-post-thumbnail","hentry","category-locales","category-policiales","tag-accidente","tag-camioneta","tag-moto","tag-muerto","tag-parana","tag-ruta-12"],"_links":{"self":[{"href":"https:\/\/impactodenoticias.com.ar\/index.php?rest_route=\/wp\/v2\/posts\/31687","targetHints":{"allow":["GET"]}}],"collection":[{"href":"https:\/\/impactodenoticias.com.ar\/index.php?rest_route=\/wp\/v2\/posts"}],"about":[{"href":"https:\/\/impactodenoticias.com.ar\/index.php?rest_route=\/wp\/v2\/types\/post"}],"author":[{"embeddable":true,"href":"https:\/\/impactodenoticias.com.ar\/index.php?rest_route=\/wp\/v2\/users\/2"}],"replies":[{"embeddable":true,"href":"https:\/\/impactodenoticias.com.ar\/index.php?rest_route=%2Fwp%2Fv2%2Fcomments&post=31687"}],"version-history":[{"count":1,"href":"https:\/\/impactodenoticias.com.ar\/index.php?rest_route=\/wp\/v2\/posts\/31687\/revisions"}],"predecessor-version":[{"id":31689,"href":"https:\/\/impactodenoticias.com.ar\/index.php?rest_route=\/wp\/v2\/posts\/31687\/revisions\/31689"}],"wp:featuredmedia":[{"embeddable":true,"href":"https:\/\/impactodenoticias.com.ar\/index.php?rest_route=\/wp\/v2\/media\/31688"}],"wp:attachment":[{"href":"https:\/\/impactodenoticias.com.ar\/index.php?rest_route=%2Fwp%2Fv2%2Fmedia&parent=31687"}],"wp:term":[{"taxonomy":"category","embeddable":true,"href":"https:\/\/impactodenoticias.com.ar\/index.php?rest_route=%2Fwp%2Fv2%2Fcategories&post=31687"},{"taxonomy":"post_tag","embeddable":true,"href":"https:\/\/impactodenoticias.com.ar\/index.php?rest_route=%2Fwp%2Fv2%2Ftags&post=31687"}],"curies":[{"name":"wp","href":"https:\/\/api.w.org\/{rel}","templated":true}]}}