{"id":31741,"date":"2025-11-25T18:29:32","date_gmt":"2025-11-25T21:29:32","guid":{"rendered":"https:\/\/impactodenoticias.com.ar\/?p=31741"},"modified":"2025-11-26T18:58:59","modified_gmt":"2025-11-26T21:58:59","slug":"parana-se-confirmaron-los-recorridos-de-colectivos-urbanos-a-partir-del-7-de-diciembre","status":"publish","type":"post","link":"https:\/\/impactodenoticias.com.ar\/?p=31741","title":{"rendered":"Paran\u00e1: se confirmaron los recorridos de colectivos urbanos a partir del 7 de diciembre"},"content":{"rendered":"\n<h2 class=\"wp-block-heading\">La Municipalidad de Paran\u00e1 en acuerdo con la empresa San Jos\u00e9 S.A. que tomar\u00e1 concesi\u00f3n del servicio p\u00fablico de colectivos urbanos, dio a conocer los recorridos de las 11 l\u00edneas que comenzar\u00e1n a operar en la ciudad el pr\u00f3ximo 7 de diciembre. Las unidades ya no estar\u00e1n identificadas por n\u00fameros, sino por letras.<\/h2>\n\n\n\n<p>Se trata de 11 l\u00edneas que cubren la ciudad de manera completa, cuatro de ellas tienen ramales con variantes de cabeceras en los circuitos. Tres son recorridos nuevos, mientras que las restantes brindar\u00e1n recorridos similares a las l\u00edneas anteriores. Las trazas fueron acordadas hasta marzo y quedan abiertas a ajustes en pos de mejorar el servicio.<\/p>\n\n\n\n<p>Respecto a la frecuencia, habr\u00e1 previsibilidad y mejoras con el nuevo servicio. Se pondr\u00e1 a disposici\u00f3n una nueva app y una p\u00e1gina web exclusiva para consultar la informaci\u00f3n del servicio en tiempo real, ya que la aplicaci\u00f3n funcionar\u00e1 con la informaci\u00f3n de los GPS de las unidades.<\/p>\n\n\n\n<p><\/p>\n\n\n\n<figure class=\"wp-block-image size-large\"><img loading=\"lazy\" decoding=\"async\" width=\"1024\" height=\"684\" src=\"https:\/\/impactodenoticias.com.ar\/wp-content\/uploads\/2025\/11\/a947fed59e4a6f78b97b55e95225cdf7-1024x684.jpg\" alt=\"\" class=\"wp-image-31742\" srcset=\"https:\/\/impactodenoticias.com.ar\/wp-content\/uploads\/2025\/11\/a947fed59e4a6f78b97b55e95225cdf7-1024x684.jpg 1024w, https:\/\/impactodenoticias.com.ar\/wp-content\/uploads\/2025\/11\/a947fed59e4a6f78b97b55e95225cdf7-300x200.jpg 300w, https:\/\/impactodenoticias.com.ar\/wp-content\/uploads\/2025\/11\/a947fed59e4a6f78b97b55e95225cdf7-768x513.jpg 768w, https:\/\/impactodenoticias.com.ar\/wp-content\/uploads\/2025\/11\/a947fed59e4a6f78b97b55e95225cdf7.jpg 1279w\" sizes=\"auto, (max-width: 1024px) 100vw, 1024px\" \/><\/figure>\n\n\n\n<p><\/p>\n\n\n\n<p><strong>Sobre la tarifa, se mantendr\u00e1n los valores actuales.<\/strong><\/p>\n\n\n\n<p>En cuanto a las paradas, se anticipa que habr\u00e1 una optimizaci\u00f3n en virtud de mejorar el tiempo en que las unidades recorren los circuitos y que el detalle se dar\u00e1 a conocer una vez que est\u00e9 operativa la aplicaci\u00f3n y la web dise\u00f1ada exclusivamente para consultas del sistema en tiempo real.<\/p>\n\n\n\n<p>Los recorridos se pueden consultar en el siguiente <a href=\"https:\/\/www.parana.gob.ar\/acciones-de-gobierno\/ciudadenmarcha\/arriba-parana-nuevo-sistema-de-transporte-1\">LINK<\/a><\/p>\n","protected":false},"excerpt":{"rendered":"<p>La Municipalidad de Paran&aacute; en acuerdo con la empresa San Jos&eacute; S.A. que tomar&aacute; concesi&oacute;n del servicio p&uacute;blico de colectivos urbanos, dio a conocer los recorridos de las 11 l&iacute;neas que comenzar&aacute;n a operar en la ciudad el pr&oacute;ximo 7 de diciembre. Las unidades ya no estar&aacute;n identificadas por n&uacute;meros, sino por letras. Se trata [&hellip;]<\/p>\n","protected":false},"author":2,"featured_media":31743,"comment_status":"closed","ping_status":"closed","sticky":false,"template":"","format":"standard","meta":{"footnotes":""},"categories":[3,1902,49],"tags":[348,102,95,390],"class_list":["post-31741","post","type-post","status-publish","format-standard","has-post-thumbnail","hentry","category-locales","category-municipales","category-sociedad","tag-colectivos","tag-municipalidad","tag-parana","tag-san-jose"],"_links":{"self":[{"href":"https:\/\/impactodenoticias.com.ar\/index.php?rest_route=\/wp\/v2\/posts\/31741","targetHints":{"allow":["GET"]}}],"collection":[{"href":"https:\/\/impactodenoticias.com.ar\/index.php?rest_route=\/wp\/v2\/posts"}],"about":[{"href":"https:\/\/impactodenoticias.com.ar\/index.php?rest_route=\/wp\/v2\/types\/post"}],"author":[{"embeddable":true,"href":"https:\/\/impactodenoticias.com.ar\/index.php?rest_route=\/wp\/v2\/users\/2"}],"replies":[{"embeddable":true,"href":"https:\/\/impactodenoticias.com.ar\/index.php?rest_route=%2Fwp%2Fv2%2Fcomments&post=31741"}],"version-history":[{"count":1,"href":"https:\/\/impactodenoticias.com.ar\/index.php?rest_route=\/wp\/v2\/posts\/31741\/revisions"}],"predecessor-version":[{"id":31744,"href":"https:\/\/impactodenoticias.com.ar\/index.php?rest_route=\/wp\/v2\/posts\/31741\/revisions\/31744"}],"wp:featuredmedia":[{"embeddable":true,"href":"https:\/\/impactodenoticias.com.ar\/index.php?rest_route=\/wp\/v2\/media\/31743"}],"wp:attachment":[{"href":"https:\/\/impactodenoticias.com.ar\/index.php?rest_route=%2Fwp%2Fv2%2Fmedia&parent=31741"}],"wp:term":[{"taxonomy":"category","embeddable":true,"href":"https:\/\/impactodenoticias.com.ar\/index.php?rest_route=%2Fwp%2Fv2%2Fcategories&post=31741"},{"taxonomy":"post_tag","embeddable":true,"href":"https:\/\/impactodenoticias.com.ar\/index.php?rest_route=%2Fwp%2Fv2%2Ftags&post=31741"}],"curies":[{"name":"wp","href":"https:\/\/api.w.org\/{rel}","templated":true}]}}