{"id":31745,"date":"2025-11-25T18:37:47","date_gmt":"2025-11-25T21:37:47","guid":{"rendered":"https:\/\/impactodenoticias.com.ar\/?p=31745"},"modified":"2025-11-26T18:58:55","modified_gmt":"2025-11-26T21:58:55","slug":"gualeguaychu-medica-acusada-por-presunta-negligencia-en-un-caso-que-derivo-en-la-muerte-de-un-menor","status":"publish","type":"post","link":"https:\/\/impactodenoticias.com.ar\/?p=31745","title":{"rendered":"Gualeguaych\u00fa: m\u00e9dica acusada por presunta negligencia en un caso que deriv\u00f3 en la muerte de un menor"},"content":{"rendered":"\n<h2 class=\"wp-block-heading\">La Fiscal\u00eda elev\u00f3 a juicio la causa que investiga a una m\u00e9dica del Hospital Centenario Gualeguaych\u00fa, quien atendi\u00f3 a un ni\u00f1o de 11 a\u00f1os en la guardia el pasado mes de enero. Seg\u00fan indic\u00f3 el fiscal Jorge Guti\u00e9rrez, su actuaci\u00f3n podr\u00eda haber sido negligente, lo que deriv\u00f3 en un diagn\u00f3stico equivocado y su posterior fallecimiento del menor.<\/h2>\n\n\n\n<p>En enero de 2025, la madre del menor llev\u00f3 al chico al hospital por dolores abdominales y problemas para ir al ba\u00f1o, seg\u00fan declar\u00f3 ante la Fiscal\u00eda. Guti\u00e9rrez indic\u00f3 que, tras realizar rehidrataci\u00f3n, radiograf\u00edas y an\u00e1lisis de laboratorio, la m\u00e9dica le dio el alta a su hijo con un diagn\u00f3stico inicial de \u201cprincipio de neumon\u00eda\u201d. Esta versi\u00f3n coincide con lo que figura en la historia cl\u00ednica.<\/p>\n\n\n\n<p>Esa misma noche, el ni\u00f1o empeor\u00f3 su cuadro cl\u00ednico gravemente en su domicilio. La madre solicit\u00f3 a un vecino que lo trasladara nuevamente al hospital, pero ya en el auto, su estado se deterior\u00f3. Al llegar a la guardia, los m\u00e9dicos intentaron reanimarlo, pero no pudieron revivirlo.<\/p>\n\n\n\n<p>Guti\u00e9rrez orden\u00f3 una autopsia. El cuerpo fue llevado a Concordia, donde el informe forense preliminar determin\u00f3 que la causa de muerte fue una sepsis, resultado de una peritonitis originada en una apendicitis aguda. Posteriormente, una m\u00e9dica pat\u00f3loga (especialista en anatom\u00eda patol\u00f3gica) analiz\u00f3 muestras de tejido extra\u00eddas durante la autopsia. El forense Sosa Canales elabor\u00f3 el informe final, que ratific\u00f3 como causa de muerte una peritonitis por apendicitis aguda, con paro cardiorrespiratorio como evento terminal.<\/p>\n\n\n\n<p>Se compararon adem\u00e1s los hallazgos cl\u00ednicos y de laboratorio con una segunda opini\u00f3n m\u00e9dica externa: el doctor Sergio Toscani, de Col\u00f3n, revis\u00f3 la historia cl\u00ednica, los an\u00e1lisis y la placa de rayos para determinar si la atenci\u00f3n hab\u00eda sido adecuada. Seg\u00fan Toscani, no lo fue: \u201cAdvierti\u00f3 que no se le realiz\u00f3 al ni\u00f1o una ecograf\u00eda abdominal y que los laboratorios, pese a mostrar signos compatibles con infecci\u00f3n (incluso sepsis), no fueron repetidos despu\u00e9s del alta\u201d, explic\u00f3 el fiscal Gutierrez.<\/p>\n\n\n\n<p>Seg\u00fan el fiscal, Toscani remarc\u00f3 adem\u00e1s que el nene llevaba varios d\u00edas sin ir al ba\u00f1o, una se\u00f1al que, en su opini\u00f3n, hac\u00eda m\u00e1s probable una complicaci\u00f3n abdominal grave. Por todo esto, concluy\u00f3 que hubo un mal diagn\u00f3stico y que la atenci\u00f3n m\u00e9dica fue deficiente. Seg\u00fan \u00e9l, no se tomaron las medidas esperables para un paciente que podr\u00eda estar transitando una infecci\u00f3n seria.<\/p>\n\n\n\n<p>\u201cEl defensor de la m\u00e9dica imputada es el Dr. Vitale, \u00e9l puso m\u00e9dico de parte. Una de las cuestiones que pone sobre la mesa es que puede confundirse un principio de neumon\u00eda con un problema abdominal, como es la peritonitis. No obstante, estamos hablando de un ni\u00f1o, que es una persona de tama\u00f1o peque\u00f1o, y, dado los signos que que mencion\u00f3 la la madre, lo que figura en la historia cl\u00ednica y dem\u00e1s, Toscani, en definitiva, dice que todo apuntaba a que hab\u00eda una infecci\u00f3n\u201d, manifest\u00f3 el fiscal.<\/p>\n\n\n\n<p>Sin embargo, Guti\u00e9rrez se\u00f1al\u00f3 que los indicadores estaban y que debieron haber sido interpretados con m\u00e1s cuidado, especialmente ante la evoluci\u00f3n de los s\u00edntomas. La Fiscal\u00eda pidi\u00f3 cuatro a\u00f1os de prisi\u00f3n efectiva para la m\u00e9dica, adem\u00e1s de nueve a\u00f1os de inhabilitaci\u00f3n para ejercer la medicina, por considerar que su responsabilidad fue determinante en el lamentable desenlace.<\/p>\n\n\n\n<p>Aun no hay fecha para la audiencia de elevaci\u00f3n a juicio, el fiscal se\u00f1al\u00f3 que se est\u00e1n cumpliendo los plazos y que pronto correr\u00e1n los traslados correspondientes. Una vez formalizado el juicio, ser\u00e1 el tribunal el que eval\u00fae si existi\u00f3 mala praxis grave, negligencia o simple error m\u00e9dico, y qu\u00e9 consecuencias legales y laborales deber\u00e1 afrontar la m\u00e9dica imputada.<\/p>\n","protected":false},"excerpt":{"rendered":"<p>La Fiscal&iacute;a elev&oacute; a juicio la causa que investiga a una m&eacute;dica del Hospital Centenario Gualeguaych&uacute;, quien atendi&oacute; a un ni&ntilde;o de 11 a&ntilde;os en la guardia el pasado mes de enero. Seg&uacute;n indic&oacute; el fiscal Jorge Guti&eacute;rrez, su actuaci&oacute;n podr&iacute;a haber sido negligente, lo que deriv&oacute; en un diagn&oacute;stico equivocado y su posterior fallecimiento [&hellip;]<\/p>\n","protected":false},"author":2,"featured_media":31746,"comment_status":"closed","ping_status":"closed","sticky":false,"template":"","format":"standard","meta":{"footnotes":""},"categories":[90,4,49],"tags":[2087,68,630,280,141,6316,6315,503,6317],"class_list":["post-31745","post","type-post","status-publish","format-standard","has-post-thumbnail","hentry","category-judicial","category-provinciales","category-sociedad","tag-centenario","tag-denuncia","tag-fallecido","tag-gualeguaychu","tag-hospital","tag-mala","tag-medica","tag-nino","tag-praxis"],"_links":{"self":[{"href":"https:\/\/impactodenoticias.com.ar\/index.php?rest_route=\/wp\/v2\/posts\/31745","targetHints":{"allow":["GET"]}}],"collection":[{"href":"https:\/\/impactodenoticias.com.ar\/index.php?rest_route=\/wp\/v2\/posts"}],"about":[{"href":"https:\/\/impactodenoticias.com.ar\/index.php?rest_route=\/wp\/v2\/types\/post"}],"author":[{"embeddable":true,"href":"https:\/\/impactodenoticias.com.ar\/index.php?rest_route=\/wp\/v2\/users\/2"}],"replies":[{"embeddable":true,"href":"https:\/\/impactodenoticias.com.ar\/index.php?rest_route=%2Fwp%2Fv2%2Fcomments&post=31745"}],"version-history":[{"count":1,"href":"https:\/\/impactodenoticias.com.ar\/index.php?rest_route=\/wp\/v2\/posts\/31745\/revisions"}],"predecessor-version":[{"id":31747,"href":"https:\/\/impactodenoticias.com.ar\/index.php?rest_route=\/wp\/v2\/posts\/31745\/revisions\/31747"}],"wp:featuredmedia":[{"embeddable":true,"href":"https:\/\/impactodenoticias.com.ar\/index.php?rest_route=\/wp\/v2\/media\/31746"}],"wp:attachment":[{"href":"https:\/\/impactodenoticias.com.ar\/index.php?rest_route=%2Fwp%2Fv2%2Fmedia&parent=31745"}],"wp:term":[{"taxonomy":"category","embeddable":true,"href":"https:\/\/impactodenoticias.com.ar\/index.php?rest_route=%2Fwp%2Fv2%2Fcategories&post=31745"},{"taxonomy":"post_tag","embeddable":true,"href":"https:\/\/impactodenoticias.com.ar\/index.php?rest_route=%2Fwp%2Fv2%2Ftags&post=31745"}],"curies":[{"name":"wp","href":"https:\/\/api.w.org\/{rel}","templated":true}]}}