{"id":31755,"date":"2025-11-26T13:56:47","date_gmt":"2025-11-26T16:56:47","guid":{"rendered":"https:\/\/impactodenoticias.com.ar\/?p=31755"},"modified":"2025-11-27T10:14:22","modified_gmt":"2025-11-27T13:14:22","slug":"parana-uta-convoca-a-una-asamblea-en-y-se-cortaria-el-servicio-desde-las-14-horas","status":"publish","type":"post","link":"https:\/\/impactodenoticias.com.ar\/?p=31755","title":{"rendered":"Paran\u00e1: UTA convoca a una asamblea en y se cortar\u00eda el servicio desde las 14 horas"},"content":{"rendered":"\n<h2 class=\"wp-block-heading\">La Uni\u00f3n Tranviarios Automotor \u2013UTA\u2013 Seccional Entre R\u00edos convoc\u00f3 a un sorpresivo corte del servicio de transporte p\u00fablico en la ciudad de Paran\u00e1 este mi\u00e9rcoles pasado el mediod\u00eda. Los usuarios de Paran\u00e1 quedan sin colectivos desde las 14 horas en adelante.<\/h2>\n\n\n\n<p>La convocatoria a la asamblea es abierta para todos los trabajadores. La reuni\u00f3n se llevar\u00e1 adelante este mi\u00e9rcoles a las 14.00 en los galpones de la empresa Mariano Moreno, en calle 3 de Febrero de Paran\u00e1. Se estima que se extienda hasta horas de la tarde y luego se retome el servicio.<\/p>\n\n\n\n<p><\/p>\n\n\n\n<figure class=\"wp-block-image size-large\"><img loading=\"lazy\" decoding=\"async\" width=\"681\" height=\"1024\" src=\"https:\/\/impactodenoticias.com.ar\/wp-content\/uploads\/2025\/11\/WhatsApp-Image-2025-11-26-at-1.14.15-PM-681x1024.jpeg\" alt=\"\" class=\"wp-image-31756\" srcset=\"https:\/\/impactodenoticias.com.ar\/wp-content\/uploads\/2025\/11\/WhatsApp-Image-2025-11-26-at-1.14.15-PM-681x1024.jpeg 681w, https:\/\/impactodenoticias.com.ar\/wp-content\/uploads\/2025\/11\/WhatsApp-Image-2025-11-26-at-1.14.15-PM-199x300.jpeg 199w, https:\/\/impactodenoticias.com.ar\/wp-content\/uploads\/2025\/11\/WhatsApp-Image-2025-11-26-at-1.14.15-PM-768x1155.jpeg 768w, https:\/\/impactodenoticias.com.ar\/wp-content\/uploads\/2025\/11\/WhatsApp-Image-2025-11-26-at-1.14.15-PM.jpeg 887w\" sizes=\"auto, (max-width: 681px) 100vw, 681px\" \/><\/figure>\n\n\n\n<p><\/p>\n\n\n\n<p>La asamblea convocada por el gremio se da en medio del proceso de traspaso de la concesi\u00f3n del transporte urbano de pasajeros en la ciudad de Paran\u00e1. Hay gran incertidumbre entre los choferes por el futuro laboral, debido a la negativa de la nueva Empresa consecionaria y la re incoporaci\u00f3n de los conductores pero sin la antig\u00fcedad . Desde el 7 de diciembre, el servicio pasar\u00e1 a manos de la UTE encabezada por la firma San Jos\u00e9.<\/p>\n\n\n\n<p>Si bien el corte del servicio es \u201cpor tiempo indeterminado\u201d, se estima que posiblemente a la hora 17.00 se retome el servicio.<\/p>\n\n\n\n<p>Noticia en desarrollo\u2026<\/p>\n","protected":false},"excerpt":{"rendered":"<p>La Uni&oacute;n Tranviarios Automotor &ndash;UTA&ndash; Seccional Entre R&iacute;os convoc&oacute; a un sorpresivo corte del servicio de transporte p&uacute;blico en la ciudad de Paran&aacute; este mi&eacute;rcoles pasado el mediod&iacute;a. Los usuarios de Paran&aacute; quedan sin colectivos desde las 14 horas en adelante. La convocatoria a la asamblea es abierta para todos los trabajadores. La reuni&oacute;n se [&hellip;]<\/p>\n","protected":false},"author":2,"featured_media":31757,"comment_status":"closed","ping_status":"closed","sticky":false,"template":"","format":"standard","meta":{"footnotes":""},"categories":[91,3,1902,49],"tags":[2326,348,882,95,1429,365],"class_list":["post-31755","post","type-post","status-publish","format-standard","has-post-thumbnail","hentry","category-gremiales","category-locales","category-municipales","category-sociedad","tag-asamblea","tag-colectivos","tag-corte","tag-parana","tag-servicio","tag-uta"],"_links":{"self":[{"href":"https:\/\/impactodenoticias.com.ar\/index.php?rest_route=\/wp\/v2\/posts\/31755","targetHints":{"allow":["GET"]}}],"collection":[{"href":"https:\/\/impactodenoticias.com.ar\/index.php?rest_route=\/wp\/v2\/posts"}],"about":[{"href":"https:\/\/impactodenoticias.com.ar\/index.php?rest_route=\/wp\/v2\/types\/post"}],"author":[{"embeddable":true,"href":"https:\/\/impactodenoticias.com.ar\/index.php?rest_route=\/wp\/v2\/users\/2"}],"replies":[{"embeddable":true,"href":"https:\/\/impactodenoticias.com.ar\/index.php?rest_route=%2Fwp%2Fv2%2Fcomments&post=31755"}],"version-history":[{"count":1,"href":"https:\/\/impactodenoticias.com.ar\/index.php?rest_route=\/wp\/v2\/posts\/31755\/revisions"}],"predecessor-version":[{"id":31758,"href":"https:\/\/impactodenoticias.com.ar\/index.php?rest_route=\/wp\/v2\/posts\/31755\/revisions\/31758"}],"wp:featuredmedia":[{"embeddable":true,"href":"https:\/\/impactodenoticias.com.ar\/index.php?rest_route=\/wp\/v2\/media\/31757"}],"wp:attachment":[{"href":"https:\/\/impactodenoticias.com.ar\/index.php?rest_route=%2Fwp%2Fv2%2Fmedia&parent=31755"}],"wp:term":[{"taxonomy":"category","embeddable":true,"href":"https:\/\/impactodenoticias.com.ar\/index.php?rest_route=%2Fwp%2Fv2%2Fcategories&post=31755"},{"taxonomy":"post_tag","embeddable":true,"href":"https:\/\/impactodenoticias.com.ar\/index.php?rest_route=%2Fwp%2Fv2%2Ftags&post=31755"}],"curies":[{"name":"wp","href":"https:\/\/api.w.org\/{rel}","templated":true}]}}