{"id":31762,"date":"2025-11-26T18:18:30","date_gmt":"2025-11-26T21:18:30","guid":{"rendered":"https:\/\/impactodenoticias.com.ar\/?p=31762"},"modified":"2025-11-26T18:18:31","modified_gmt":"2025-11-26T21:18:31","slug":"parana-la-familia-de-tomas-flores-reclamo-justicia-frente-a-los-tribunales-a-dos-semanas-del-crimen-del-joven","status":"publish","type":"post","link":"https:\/\/impactodenoticias.com.ar\/?p=31762","title":{"rendered":"Paran\u00e1: la familia de Tom\u00e1s Flores reclam\u00f3 justicia frente a los Tribunales a dos semanas del crimen del joven"},"content":{"rendered":"\n<h2 class=\"wp-block-heading\">A dos semanas del asesinato de Tom\u00e1s Flores, el joven de 20 a\u00f1os que fue apu\u00f1alado al salir de una fiesta en el barrio Mosconi Viejo, en Paran\u00e1, su hermana Milagros Portillo exigi\u00f3 nuevamente respuestas a la Justicia y solicit\u00f3 que todos los involucrados sean detenidos.<\/h2>\n\n\n\n<p>El caso tiene como acusados a tres j\u00f3venes, un menor de 15 a\u00f1os quien est\u00e1 sindicado como el autor material de la pu\u00f1alada, su primo de 17 a\u00f1os y un mayor de edad de 19. \u201cQueremos que todos vayan presos y reciban lo que se merecen\u201d, dijo Milagros a los medios de comunicaci\u00f3n presentes en el lugar.<\/p>\n\n\n\n<p>Milagros expres\u00f3 su indignaci\u00f3n por la situaci\u00f3n judicial: \u201cYa hace dos semanas que a mi hermano lo mataron. Solamente tienen a un menor de edad con prisi\u00f3n domiciliaria. Nosotros queremos que los otros involucrados tambi\u00e9n caigan. Ellos pueden matar y estar en su casa como si nada, mientras yo tuve que soportar a mi hermano en un caj\u00f3n\u201d, apunt\u00f3.<\/p>\n\n\n\n<p>La fiscal de Menores, Sonia Vives, inform\u00f3 a la familia que el joven de 17 a\u00f1os recibir\u00e1 prisi\u00f3n preventiva hasta que cumpla 18 a\u00f1os y pueda ser juzgado como adulto. De acuerdo al relato de Milagros, tanto \u00e9l como su primo de 15 a\u00f1os participaron en la golpiza previa al ataque fatal. En cambio, el mayor de edad permanece en libertad, con la \u00fanica restricci\u00f3n de no acercarse al barrio.<\/p>\n\n\n\n<p>El mayor de edad es Tobias Franco Nahuel Arguello, quien neg\u00f3 que haber herido al joven fallecido, pero reconoci\u00f3 su participaci\u00f3n, ya que le hizo una zancadilla a la v\u00edctima.<\/p>\n\n\n\n<p>La hermana de la v\u00edctima se\u00f1al\u00f3 que buscar\u00e1n asesoramiento legal para acelerar el proceso y reiter\u00f3 que no descansar\u00e1n hasta obtener justicia: \u201cEsto no va a quedar impune. Es un caso similar al de Fernando B\u00e1ez Sosa. Yo no voy a descansar un segundo hasta que se haga justicia por mi hermano\u201d, destac\u00f3.<\/p>\n\n\n\n<p>El crimen se produjo cuando Tom\u00e1s Flores sali\u00f3 de la fiesta porque se sent\u00eda mal. En ese momento fue perseguido, derribado por una zancadilla y atacado a golpes. Finalmente, el menor lo apu\u00f1al\u00f3, mientras la v\u00edctima se desangraba en el suelo.<\/p>\n\n\n\n<p>La familia quiere que la causa avance con firmeza y que todos los responsables enfrenten las consecuencias de la violencia que termin\u00f3 con la vida de Tom\u00e1s.<\/p>\n","protected":false},"excerpt":{"rendered":"<p>A dos semanas del asesinato de Tom&aacute;s Flores, el joven de 20 a&ntilde;os que fue apu&ntilde;alado al salir de una fiesta en el barrio Mosconi Viejo, en Paran&aacute;, su hermana Milagros Portillo exigi&oacute; nuevamente respuestas a la Justicia y solicit&oacute; que todos los involucrados sean detenidos. El caso tiene como acusados a tres j&oacute;venes, un [&hellip;]<\/p>\n","protected":false},"author":2,"featured_media":31763,"comment_status":"closed","ping_status":"closed","sticky":false,"template":"","format":"standard","meta":{"footnotes":""},"categories":[90,3,8],"tags":[110,1145,446,107,5674,95,435,6323,380],"class_list":["post-31762","post","type-post","status-publish","format-standard","has-post-thumbnail","hentry","category-judicial","category-locales","category-policiales","tag-asesinato","tag-barrio","tag-familia","tag-justicia","tag-mosconi","tag-parana","tag-pedido","tag-tomas-flores","tag-tribunales"],"_links":{"self":[{"href":"https:\/\/impactodenoticias.com.ar\/index.php?rest_route=\/wp\/v2\/posts\/31762","targetHints":{"allow":["GET"]}}],"collection":[{"href":"https:\/\/impactodenoticias.com.ar\/index.php?rest_route=\/wp\/v2\/posts"}],"about":[{"href":"https:\/\/impactodenoticias.com.ar\/index.php?rest_route=\/wp\/v2\/types\/post"}],"author":[{"embeddable":true,"href":"https:\/\/impactodenoticias.com.ar\/index.php?rest_route=\/wp\/v2\/users\/2"}],"replies":[{"embeddable":true,"href":"https:\/\/impactodenoticias.com.ar\/index.php?rest_route=%2Fwp%2Fv2%2Fcomments&post=31762"}],"version-history":[{"count":1,"href":"https:\/\/impactodenoticias.com.ar\/index.php?rest_route=\/wp\/v2\/posts\/31762\/revisions"}],"predecessor-version":[{"id":31764,"href":"https:\/\/impactodenoticias.com.ar\/index.php?rest_route=\/wp\/v2\/posts\/31762\/revisions\/31764"}],"wp:featuredmedia":[{"embeddable":true,"href":"https:\/\/impactodenoticias.com.ar\/index.php?rest_route=\/wp\/v2\/media\/31763"}],"wp:attachment":[{"href":"https:\/\/impactodenoticias.com.ar\/index.php?rest_route=%2Fwp%2Fv2%2Fmedia&parent=31762"}],"wp:term":[{"taxonomy":"category","embeddable":true,"href":"https:\/\/impactodenoticias.com.ar\/index.php?rest_route=%2Fwp%2Fv2%2Fcategories&post=31762"},{"taxonomy":"post_tag","embeddable":true,"href":"https:\/\/impactodenoticias.com.ar\/index.php?rest_route=%2Fwp%2Fv2%2Ftags&post=31762"}],"curies":[{"name":"wp","href":"https:\/\/api.w.org\/{rel}","templated":true}]}}