{"id":31772,"date":"2025-11-27T09:54:20","date_gmt":"2025-11-27T12:54:20","guid":{"rendered":"https:\/\/impactodenoticias.com.ar\/?p=31772"},"modified":"2025-11-27T09:54:21","modified_gmt":"2025-11-27T12:54:21","slug":"tres-ninos-entrerrianos-hacen-historia-en-el-club-atletico-colon-de-santa-fe","status":"publish","type":"post","link":"https:\/\/impactodenoticias.com.ar\/?p=31772","title":{"rendered":"Tres ni\u00f1os entrerrianos hacen historia en el Club Atl\u00e9tico Col\u00f3n de Santa Fe"},"content":{"rendered":"\n<h2 class=\"wp-block-heading\">Los tres entrerrianos en la categor\u00eda 2026 del Club Atl\u00e9tico Col\u00f3n, que se destacan en torneos internacionales: Francesco \u00abFranche\u00bb Iedro, Joaqu\u00edn \u00abEl Pinchi\u00bb L\u00f3pez Campana y el arquero Valent\u00edn \u00abValen\u00bb Schulte Cazorla.<\/h2>\n\n\n\n<p>Es un gran incentivo para otros ni\u00f1os ver destacarse en deportes como el futbol u otro deporte m\u00e1s cuando los posicionados son peque\u00f1os de 9 a\u00f1os.<\/p>\n\n\n\n<p>D\u00edas pasado participaron en un torneo Internacional que se desarrolla hace 40 a\u00f1os en la ciudad de Sunchales, llegando la categor\u00eda 2016 del Club Col\u00f3n a instancias finales con la participaci\u00f3n de Franche, Pinchi y Valen destac\u00e1ndoses en el mismo.<\/p>\n\n\n\n<p>Este fin de semana extra large desde el d\u00eda 19 de Noviembre al d\u00eda 23 de noviembre, se realiz\u00f3 la edici\u00f3n Nro 29 del Torneo Internacional \u00abVALESANITO\u00bb en la ciudad de San Jer\u00f3nimo Norte donde participaron m\u00e1s de 600 equipos divididos entre las categorias 2012 a 2019.<\/p>\n\n\n\n<p><\/p>\n\n\n\n<figure class=\"wp-block-image size-full\"><img loading=\"lazy\" decoding=\"async\" width=\"720\" height=\"837\" src=\"https:\/\/impactodenoticias.com.ar\/wp-content\/uploads\/2025\/11\/WhatsApp-Image-2025-11-26-at-20.31.38.jpeg\" alt=\"\" class=\"wp-image-31773\" srcset=\"https:\/\/impactodenoticias.com.ar\/wp-content\/uploads\/2025\/11\/WhatsApp-Image-2025-11-26-at-20.31.38.jpeg 720w, https:\/\/impactodenoticias.com.ar\/wp-content\/uploads\/2025\/11\/WhatsApp-Image-2025-11-26-at-20.31.38-258x300.jpeg 258w\" sizes=\"auto, (max-width: 720px) 100vw, 720px\" \/><\/figure>\n\n\n\n<p><\/p>\n\n\n\n<p>La 2016 de Col\u00f3n de Santa Fe volvi\u00f3 a participar con los cracks de los 3 entrerrianitos: El delantero goleador Francesco \u00abFranche\u00bb Iedro, El f\u00e9rreo impasable defensor Joaqu\u00edn \u00abEl Pinchi\u00bb Lopez Campana y el arquero que domina las alturas con su 1.62 metros con solo 9 a\u00f1os reci\u00e9n cumplidos Valent\u00edn \u00abValen\u00bb Schulte Cazorla.<\/p>\n\n\n\n<p>El equipo volvi\u00f3 a llegar a la final por tercer a\u00f1o consecutivo: 2023 contra Racing de Avellaneda, 2024 contra el Club Atl\u00e9tico River Plate de Buenos Aires y este 2025 otra vez contra el Club Racing de Avellaneda.<\/p>\n\n\n\n<p>Verdaderamente 3 promesas para el futuro en el futbol infantil nacional de los tres entrerrianitos: Franche, El Pinchi y Valen.<\/p>\n","protected":false},"excerpt":{"rendered":"<p>Los tres entrerrianos en la categor&iacute;a 2026 del Club Atl&eacute;tico Col&oacute;n, que se destacan en torneos internacionales: Francesco &laquo;Franche&raquo; Iedro, Joaqu&iacute;n &laquo;El Pinchi&raquo; L&oacute;pez Campana y el arquero Valent&iacute;n &laquo;Valen&raquo; Schulte Cazorla. Es un gran incentivo para otros ni&ntilde;os ver destacarse en deportes como el futbol u otro deporte m&aacute;s cuando los posicionados son peque&ntilde;os [&hellip;]<\/p>\n","protected":false},"author":2,"featured_media":31774,"comment_status":"closed","ping_status":"closed","sticky":false,"template":"","format":"standard","meta":{"footnotes":""},"categories":[7,1430,49],"tags":[6324,646,205,575],"class_list":["post-31772","post","type-post","status-publish","format-standard","has-post-thumbnail","hentry","category-deportes","category-destacadas","category-sociedad","tag-club-atletico-colon","tag-entrerrianos","tag-ninos","tag-santa-fe-2"],"_links":{"self":[{"href":"https:\/\/impactodenoticias.com.ar\/index.php?rest_route=\/wp\/v2\/posts\/31772","targetHints":{"allow":["GET"]}}],"collection":[{"href":"https:\/\/impactodenoticias.com.ar\/index.php?rest_route=\/wp\/v2\/posts"}],"about":[{"href":"https:\/\/impactodenoticias.com.ar\/index.php?rest_route=\/wp\/v2\/types\/post"}],"author":[{"embeddable":true,"href":"https:\/\/impactodenoticias.com.ar\/index.php?rest_route=\/wp\/v2\/users\/2"}],"replies":[{"embeddable":true,"href":"https:\/\/impactodenoticias.com.ar\/index.php?rest_route=%2Fwp%2Fv2%2Fcomments&post=31772"}],"version-history":[{"count":1,"href":"https:\/\/impactodenoticias.com.ar\/index.php?rest_route=\/wp\/v2\/posts\/31772\/revisions"}],"predecessor-version":[{"id":31775,"href":"https:\/\/impactodenoticias.com.ar\/index.php?rest_route=\/wp\/v2\/posts\/31772\/revisions\/31775"}],"wp:featuredmedia":[{"embeddable":true,"href":"https:\/\/impactodenoticias.com.ar\/index.php?rest_route=\/wp\/v2\/media\/31774"}],"wp:attachment":[{"href":"https:\/\/impactodenoticias.com.ar\/index.php?rest_route=%2Fwp%2Fv2%2Fmedia&parent=31772"}],"wp:term":[{"taxonomy":"category","embeddable":true,"href":"https:\/\/impactodenoticias.com.ar\/index.php?rest_route=%2Fwp%2Fv2%2Fcategories&post=31772"},{"taxonomy":"post_tag","embeddable":true,"href":"https:\/\/impactodenoticias.com.ar\/index.php?rest_route=%2Fwp%2Fv2%2Ftags&post=31772"}],"curies":[{"name":"wp","href":"https:\/\/api.w.org\/{rel}","templated":true}]}}