{"id":31783,"date":"2025-11-27T10:10:47","date_gmt":"2025-11-27T13:10:47","guid":{"rendered":"https:\/\/impactodenoticias.com.ar\/?p=31783"},"modified":"2025-11-28T10:15:43","modified_gmt":"2025-11-28T13:15:43","slug":"entre-rios-judiciales-llevaran-adelante-un-paro-este-viernes-en-reclamo-de-aumento-salarial","status":"publish","type":"post","link":"https:\/\/impactodenoticias.com.ar\/?p=31783","title":{"rendered":"Entre R\u00edos: judiciales llevar\u00e1n adelante un paro este viernes en reclamo de aumento salarial"},"content":{"rendered":"\n<h2 class=\"wp-block-heading\">Ante la falta de respuesta del gobierno provincial al reclamo de recomposici\u00f3n salarial presentado por la Mesa Salarial del Poder Judicial, la Asociaci\u00f3n de Judiciales de Entre R\u00edos (AJER), convoc\u00f3 a un paro total de actividades para este viernes 28.<\/h2>\n\n\n\n<p>\u201cEsto se debe al deterioro del sueldo de los trabajadores\/as judiciales, producto de la ley de emergencia de 2020 y de la p\u00e9rdida con respecto a la inflaci\u00f3n de los \u00faltimos a\u00f1os, han hecho que un escribiente (primer cargo de la carrera administrativa) sin antig\u00fcedad, haya cobrado en noviembre $1.050.000 en la mano, lo que est\u00e1 muy por debajo del piso de la canasta b\u00e1sica\u201d, se\u00f1alaron en un comunicado de prensa.<\/p>\n\n\n\n<p>Desde AJER destacaron que \u201cfrente a esta situaci\u00f3n apremiante para nosotros y nuestras familias, el reclamo de las compa\u00f1eras y compa\u00f1eros de toda la provincia es iniciar en forma inmediata con medidas de fuerza para hacer saber con claridad al gobierno sobre nuestro reclamo y nuestra determinaci\u00f3n de defender nuestro salario\u201d. Por esto \u201cconvocamos a todos\/as los judiciales a sumarse a la medida de fuerza de este viernes\u201d<\/p>\n","protected":false},"excerpt":{"rendered":"<p>Ante la falta de respuesta del gobierno provincial al reclamo de recomposici&oacute;n salarial presentado por la Mesa Salarial del Poder Judicial, la Asociaci&oacute;n de Judiciales de Entre R&iacute;os (AJER), convoc&oacute; a un paro total de actividades para este viernes 28. &ldquo;Esto se debe al deterioro del sueldo de los trabajadores\/as judiciales, producto de la ley [&hellip;]<\/p>\n","protected":false},"author":2,"featured_media":31784,"comment_status":"closed","ping_status":"closed","sticky":false,"template":"","format":"standard","meta":{"footnotes":""},"categories":[91,90,11,4],"tags":[3433,33,5407,59],"class_list":["post-31783","post","type-post","status-publish","format-standard","has-post-thumbnail","hentry","category-gremiales","category-judicial","category-politica","category-provinciales","tag-ajer","tag-entre-rios","tag-judiciales","tag-paro"],"_links":{"self":[{"href":"https:\/\/impactodenoticias.com.ar\/index.php?rest_route=\/wp\/v2\/posts\/31783","targetHints":{"allow":["GET"]}}],"collection":[{"href":"https:\/\/impactodenoticias.com.ar\/index.php?rest_route=\/wp\/v2\/posts"}],"about":[{"href":"https:\/\/impactodenoticias.com.ar\/index.php?rest_route=\/wp\/v2\/types\/post"}],"author":[{"embeddable":true,"href":"https:\/\/impactodenoticias.com.ar\/index.php?rest_route=\/wp\/v2\/users\/2"}],"replies":[{"embeddable":true,"href":"https:\/\/impactodenoticias.com.ar\/index.php?rest_route=%2Fwp%2Fv2%2Fcomments&post=31783"}],"version-history":[{"count":1,"href":"https:\/\/impactodenoticias.com.ar\/index.php?rest_route=\/wp\/v2\/posts\/31783\/revisions"}],"predecessor-version":[{"id":31785,"href":"https:\/\/impactodenoticias.com.ar\/index.php?rest_route=\/wp\/v2\/posts\/31783\/revisions\/31785"}],"wp:featuredmedia":[{"embeddable":true,"href":"https:\/\/impactodenoticias.com.ar\/index.php?rest_route=\/wp\/v2\/media\/31784"}],"wp:attachment":[{"href":"https:\/\/impactodenoticias.com.ar\/index.php?rest_route=%2Fwp%2Fv2%2Fmedia&parent=31783"}],"wp:term":[{"taxonomy":"category","embeddable":true,"href":"https:\/\/impactodenoticias.com.ar\/index.php?rest_route=%2Fwp%2Fv2%2Fcategories&post=31783"},{"taxonomy":"post_tag","embeddable":true,"href":"https:\/\/impactodenoticias.com.ar\/index.php?rest_route=%2Fwp%2Fv2%2Ftags&post=31783"}],"curies":[{"name":"wp","href":"https:\/\/api.w.org\/{rel}","templated":true}]}}