{"id":31786,"date":"2025-11-27T10:13:59","date_gmt":"2025-11-27T13:13:59","guid":{"rendered":"https:\/\/impactodenoticias.com.ar\/?p=31786"},"modified":"2025-11-27T10:13:59","modified_gmt":"2025-11-27T13:13:59","slug":"peligroso-encontraron-una-yarara-en-una-casa-del-barrio-500-viviendas-de-parana","status":"publish","type":"post","link":"https:\/\/impactodenoticias.com.ar\/?p=31786","title":{"rendered":"PELIGROSO: encontraron una yarar\u00e1 en una casa del barrio 500 Viviendas de Paran\u00e1"},"content":{"rendered":"\n<h2 class=\"wp-block-heading\">Un vecino vio el animal y llam\u00f3 a los bomberos, que acudieron de inmediato para poner a resguardo al animal y evitar una situaci\u00f3n de peligro para los moradores de la casa.<\/h2>\n\n\n\n<p>Hallaron una yarar\u00e1 en una casa del barrio 500 Viviendas de Paran\u00e1. El episodio ocurri\u00f3 este mi\u00e9rcoles y los Bomberos Voluntarios acudieron al lugar para rescatar el animal y devolverlo a su h\u00e1bitat natural.<\/p>\n\n\n\n<p>\u201cEl personal realiz\u00f3 las maniobras correspondientes para su captura segura, garantizando la integridad de los moradores y del animal. Posteriormente, el ofidio fue liberado en una zona de campos\u201d, destacaron.<\/p>\n","protected":false},"excerpt":{"rendered":"<p>Un vecino vio el animal y llam&oacute; a los bomberos, que acudieron de inmediato para poner a resguardo al animal y evitar una situaci&oacute;n de peligro para los moradores de la casa. Hallaron una yarar&aacute; en una casa del barrio 500 Viviendas de Paran&aacute;. El episodio ocurri&oacute; este mi&eacute;rcoles y los Bomberos Voluntarios acudieron al [&hellip;]<\/p>\n","protected":false},"author":2,"featured_media":31787,"comment_status":"closed","ping_status":"closed","sticky":false,"template":"","format":"standard","meta":{"footnotes":""},"categories":[3,8,49],"tags":[95,366,4688],"class_list":["post-31786","post","type-post","status-publish","format-standard","has-post-thumbnail","hentry","category-locales","category-policiales","category-sociedad","tag-parana","tag-vivienda","tag-yarara"],"_links":{"self":[{"href":"https:\/\/impactodenoticias.com.ar\/index.php?rest_route=\/wp\/v2\/posts\/31786","targetHints":{"allow":["GET"]}}],"collection":[{"href":"https:\/\/impactodenoticias.com.ar\/index.php?rest_route=\/wp\/v2\/posts"}],"about":[{"href":"https:\/\/impactodenoticias.com.ar\/index.php?rest_route=\/wp\/v2\/types\/post"}],"author":[{"embeddable":true,"href":"https:\/\/impactodenoticias.com.ar\/index.php?rest_route=\/wp\/v2\/users\/2"}],"replies":[{"embeddable":true,"href":"https:\/\/impactodenoticias.com.ar\/index.php?rest_route=%2Fwp%2Fv2%2Fcomments&post=31786"}],"version-history":[{"count":1,"href":"https:\/\/impactodenoticias.com.ar\/index.php?rest_route=\/wp\/v2\/posts\/31786\/revisions"}],"predecessor-version":[{"id":31788,"href":"https:\/\/impactodenoticias.com.ar\/index.php?rest_route=\/wp\/v2\/posts\/31786\/revisions\/31788"}],"wp:featuredmedia":[{"embeddable":true,"href":"https:\/\/impactodenoticias.com.ar\/index.php?rest_route=\/wp\/v2\/media\/31787"}],"wp:attachment":[{"href":"https:\/\/impactodenoticias.com.ar\/index.php?rest_route=%2Fwp%2Fv2%2Fmedia&parent=31786"}],"wp:term":[{"taxonomy":"category","embeddable":true,"href":"https:\/\/impactodenoticias.com.ar\/index.php?rest_route=%2Fwp%2Fv2%2Fcategories&post=31786"},{"taxonomy":"post_tag","embeddable":true,"href":"https:\/\/impactodenoticias.com.ar\/index.php?rest_route=%2Fwp%2Fv2%2Ftags&post=31786"}],"curies":[{"name":"wp","href":"https:\/\/api.w.org\/{rel}","templated":true}]}}