{"id":31790,"date":"2025-11-27T14:14:41","date_gmt":"2025-11-27T17:14:41","guid":{"rendered":"https:\/\/impactodenoticias.com.ar\/?p=31790"},"modified":"2025-11-28T10:15:39","modified_gmt":"2025-11-28T13:15:39","slug":"demoras-y-falta-de-transparencia-en-la-autorizacion-de-penas-en-el-festival-de-diamante","status":"publish","type":"post","link":"https:\/\/impactodenoticias.com.ar\/?p=31790","title":{"rendered":"Demoras y falta de transparencia en la autorizaci\u00f3n de pe\u00f1as en el Festival de Diamante"},"content":{"rendered":"\n<h2 class=\"wp-block-heading\">Malestar por la falta de autorizaci\u00f3n de pe\u00f1as para el Festival. Graves perjuicio para los Empresarios Privados.<\/h2>\n\n\n\n<p>La 54\u00aa edici\u00f3n del Festival Nacional de Jineteada y Folclore de Diamante se acerca, y surgen serias dudas sobre la transparencia en la autorizaci\u00f3n de Pe\u00f1as durante el evento que se desarrollar\u00e1 del 8 al 12 de enero de 2026.<\/p>\n\n\n\n<p>Seg\u00fan informaci\u00f3n obtenida, el Poder Ejecutivo Municipal, encabezado por el Intendente Ezio Gieco, es el encargado de recibir las solicitudes de autorizaci\u00f3n para las Pe\u00f1as, pero no se ha proporcionado informaci\u00f3n clara sobre el proceso de selecci\u00f3n y aprobaci\u00f3n de las mismas. Esto ha generado rumores sobre posibles favoritismos y falta de transparencia en la autorizaci\u00f3n de las Pe\u00f1as.<\/p>\n\n\n\n<p>Pero no solo es un tema de transparencia, sino que tambi\u00e9n afecta directamente a los empresarios privados que trabajan durante todo el a\u00f1o en la ciudad de Diamante, realizando espect\u00e1culos p\u00fablicos y privados, y que han realizado una inversi\u00f3n muy importante en la ciudad. La demora en la autorizaci\u00f3n de Pe\u00f1as les genera un perjuicio econ\u00f3mico significativo, ya que no pueden planificar con anticipaci\u00f3n sus actividades y ofertas para el festival.<\/p>\n\n\n\n<p>Es importante destacar que todos los empresarios privados que se han presentado para organizar Pe\u00f1as cumplen con los requisitos necesarios para hacerlo, incluyendo la documentaci\u00f3n y los permisos correspondientes. Sin embargo, a pesar de cumplir con todos los requisitos, no se les ha dado una respuesta clara sobre la autorizaci\u00f3n de sus Pe\u00f1as.<\/p>\n\n\n\n<p>\u201cEstamos indignados porque hemos cumplido con todos los requisitos y no se nos ha dado una respuesta\u201d, dijo un empresario privado que prefiri\u00f3 mantener su anonimato. \u201cNo entendemos por qu\u00e9 se nos est\u00e1 haciendo esto, cuando hemos invertido tanto en la ciudad y en nuestros espect\u00e1culos\u201d.<\/p>\n\n\n\n<p>La falta de transparencia y la demora en la autorizaci\u00f3n de Pe\u00f1as pueden generar un impacto negativo en la imagen de la ciudad y en la econom\u00eda local. Es importante que el Poder Ejecutivo Municipal aclare la situaci\u00f3n y garantice la igualdad de oportunidades para todos los participantes. Fuente Neo Net Music e Impacto de Noticias<\/p>\n","protected":false},"excerpt":{"rendered":"<p>Malestar por la falta de autorizaci&oacute;n de pe&ntilde;as para el Festival. Graves perjuicio para los Empresarios Privados. La 54&ordf; edici&oacute;n del Festival Nacional de Jineteada y Folclore de Diamante se acerca, y surgen serias dudas sobre la transparencia en la autorizaci&oacute;n de Pe&ntilde;as durante el evento que se desarrollar&aacute; del 8 al 12 de enero [&hellip;]<\/p>\n","protected":false},"author":2,"featured_media":31791,"comment_status":"closed","ping_status":"closed","sticky":false,"template":"","format":"standard","meta":{"footnotes":""},"categories":[1902,4,49],"tags":[73,6329,1770,6328],"class_list":["post-31790","post","type-post","status-publish","format-standard","has-post-thumbnail","hentry","category-municipales","category-provinciales","category-sociedad","tag-diamante","tag-la-54a-edicion-del-festival-nacional-de-jineteada-y-folclore","tag-malestar","tag-penas"],"_links":{"self":[{"href":"https:\/\/impactodenoticias.com.ar\/index.php?rest_route=\/wp\/v2\/posts\/31790","targetHints":{"allow":["GET"]}}],"collection":[{"href":"https:\/\/impactodenoticias.com.ar\/index.php?rest_route=\/wp\/v2\/posts"}],"about":[{"href":"https:\/\/impactodenoticias.com.ar\/index.php?rest_route=\/wp\/v2\/types\/post"}],"author":[{"embeddable":true,"href":"https:\/\/impactodenoticias.com.ar\/index.php?rest_route=\/wp\/v2\/users\/2"}],"replies":[{"embeddable":true,"href":"https:\/\/impactodenoticias.com.ar\/index.php?rest_route=%2Fwp%2Fv2%2Fcomments&post=31790"}],"version-history":[{"count":1,"href":"https:\/\/impactodenoticias.com.ar\/index.php?rest_route=\/wp\/v2\/posts\/31790\/revisions"}],"predecessor-version":[{"id":31792,"href":"https:\/\/impactodenoticias.com.ar\/index.php?rest_route=\/wp\/v2\/posts\/31790\/revisions\/31792"}],"wp:featuredmedia":[{"embeddable":true,"href":"https:\/\/impactodenoticias.com.ar\/index.php?rest_route=\/wp\/v2\/media\/31791"}],"wp:attachment":[{"href":"https:\/\/impactodenoticias.com.ar\/index.php?rest_route=%2Fwp%2Fv2%2Fmedia&parent=31790"}],"wp:term":[{"taxonomy":"category","embeddable":true,"href":"https:\/\/impactodenoticias.com.ar\/index.php?rest_route=%2Fwp%2Fv2%2Fcategories&post=31790"},{"taxonomy":"post_tag","embeddable":true,"href":"https:\/\/impactodenoticias.com.ar\/index.php?rest_route=%2Fwp%2Fv2%2Ftags&post=31790"}],"curies":[{"name":"wp","href":"https:\/\/api.w.org\/{rel}","templated":true}]}}