{"id":31809,"date":"2025-11-28T10:00:09","date_gmt":"2025-11-28T13:00:09","guid":{"rendered":"https:\/\/impactodenoticias.com.ar\/?p=31809"},"modified":"2025-11-28T10:00:09","modified_gmt":"2025-11-28T13:00:09","slug":"video-dia-de-furia-en-federacion-le-sacaron-la-moto-persiguio-a-los-inspectores-y-fue-arrestado","status":"publish","type":"post","link":"https:\/\/impactodenoticias.com.ar\/?p=31809","title":{"rendered":"VIDEO &#8211; D\u00eda de furia en Federaci\u00f3n: le sacaron la moto, persigui\u00f3 a los inspectores y fue arrestado"},"content":{"rendered":"\n<h2 class=\"wp-block-heading\">La situaci\u00f3n escal\u00f3 y termin\u00f3 con el arresto de un sujeto, que desafi\u00f3 violentamente a los agentes de la Municipalidad.<\/h2>\n\n\n\n<p>Un hombre fue arrestado en medio de un operativo de tr\u00e1nsito en Federaci\u00f3n. Seg\u00fan se inform\u00f3, el sujeto enfrent\u00f3 a los inspectores de manera violenta y la Polic\u00eda procedi\u00f3 a su aprehensi\u00f3n.<\/p>\n\n\n\n<p>El hecho sucedi\u00f3 en la noche de este jueves. De acuerdo a la informaci\u00f3n de medios locales, al ciudadano le retuvieron la moto y comenz\u00f3 a filmar a los inspectores, desafi\u00e1ndolos.<\/p>\n\n\n\n<p><\/p>\n\n\n\n<figure class=\"wp-block-video\"><video height=\"590\" style=\"aspect-ratio: 476 \/ 590;\" width=\"476\" controls src=\"https:\/\/impactodenoticias.com.ar\/wp-content\/uploads\/2025\/11\/Detenido-.mp4\"><\/video><\/figure>\n\n\n\n<p><\/p>\n\n\n\n<p>#ImpactoDeNoticias<\/p>\n\n\n\n<p><\/p>\n","protected":false},"excerpt":{"rendered":"<p>La situaci&oacute;n escal&oacute; y termin&oacute; con el arresto de un sujeto, que desafi&oacute; violentamente a los agentes de la Municipalidad. Un hombre fue arrestado en medio de un operativo de tr&aacute;nsito en Federaci&oacute;n. Seg&uacute;n se inform&oacute;, el sujeto enfrent&oacute; a los inspectores de manera violenta y la Polic&iacute;a procedi&oacute; a su aprehensi&oacute;n. El hecho sucedi&oacute; [&hellip;]<\/p>\n","protected":false},"author":2,"featured_media":31811,"comment_status":"closed","ping_status":"closed","sticky":false,"template":"","format":"standard","meta":{"footnotes":""},"categories":[8,4],"tags":[609,175,272,146,1439],"class_list":["post-31809","post","type-post","status-publish","format-standard","has-post-thumbnail","hentry","category-policiales","category-provinciales","tag-control","tag-detenido","tag-federacion","tag-hombre","tag-transito"],"_links":{"self":[{"href":"https:\/\/impactodenoticias.com.ar\/index.php?rest_route=\/wp\/v2\/posts\/31809","targetHints":{"allow":["GET"]}}],"collection":[{"href":"https:\/\/impactodenoticias.com.ar\/index.php?rest_route=\/wp\/v2\/posts"}],"about":[{"href":"https:\/\/impactodenoticias.com.ar\/index.php?rest_route=\/wp\/v2\/types\/post"}],"author":[{"embeddable":true,"href":"https:\/\/impactodenoticias.com.ar\/index.php?rest_route=\/wp\/v2\/users\/2"}],"replies":[{"embeddable":true,"href":"https:\/\/impactodenoticias.com.ar\/index.php?rest_route=%2Fwp%2Fv2%2Fcomments&post=31809"}],"version-history":[{"count":1,"href":"https:\/\/impactodenoticias.com.ar\/index.php?rest_route=\/wp\/v2\/posts\/31809\/revisions"}],"predecessor-version":[{"id":31812,"href":"https:\/\/impactodenoticias.com.ar\/index.php?rest_route=\/wp\/v2\/posts\/31809\/revisions\/31812"}],"wp:featuredmedia":[{"embeddable":true,"href":"https:\/\/impactodenoticias.com.ar\/index.php?rest_route=\/wp\/v2\/media\/31811"}],"wp:attachment":[{"href":"https:\/\/impactodenoticias.com.ar\/index.php?rest_route=%2Fwp%2Fv2%2Fmedia&parent=31809"}],"wp:term":[{"taxonomy":"category","embeddable":true,"href":"https:\/\/impactodenoticias.com.ar\/index.php?rest_route=%2Fwp%2Fv2%2Fcategories&post=31809"},{"taxonomy":"post_tag","embeddable":true,"href":"https:\/\/impactodenoticias.com.ar\/index.php?rest_route=%2Fwp%2Fv2%2Ftags&post=31809"}],"curies":[{"name":"wp","href":"https:\/\/api.w.org\/{rel}","templated":true}]}}