{"id":31813,"date":"2025-11-28T10:12:59","date_gmt":"2025-11-28T13:12:59","guid":{"rendered":"https:\/\/impactodenoticias.com.ar\/?p=31813"},"modified":"2025-11-30T10:51:53","modified_gmt":"2025-11-30T13:51:53","slug":"pj-apartan-a-gaillard-y-dominguez-en-medio-de-una-ola-de-pedidos-de-sanciones","status":"publish","type":"post","link":"https:\/\/impactodenoticias.com.ar\/?p=31813","title":{"rendered":"PJ: apartan a Gaillard y Dom\u00ednguez en medio de una ola de pedidos de sanciones"},"content":{"rendered":"\n<h2 class=\"wp-block-heading\">En una reuni\u00f3n cargada de tensi\u00f3n pol\u00edtica, el Consejo Provincial del Partido Justicialista de Entre R\u00edos resolvi\u00f3 desplazar de sus cargos a Carolina Gaillard y Carina Dom\u00ednguez. La medida se da en medio de un fuerte reclamo interno para castigar a quienes rompieron con la lista oficial en las \u00faltimas elecciones.<\/h2>\n\n\n\n<p>El jueves por la tarde, el Consejo Provincial del Partido Justicialista de Entre R\u00edos vivi\u00f3 una de sus jornadas m\u00e1s \u00e1speras de los \u00faltimos a\u00f1os. Con 14 consejeros presentes, de manera presencial y virtual, la conducci\u00f3n del PJ avanz\u00f3 en un paquete de definiciones que expone con crudeza el nivel de conflicto interno que dej\u00f3 la derrota electoral.<\/p>\n\n\n\n<p>El punto m\u00e1s sensible del encuentro fue el tratamiento de los pedidos de sanci\u00f3n presentados por afiliados, dirigentes y militantes contra quienes compitieron por fuera de la propuesta oficialista en las legislativas recientes. Seg\u00fan se inform\u00f3, ya son m\u00e1s de una decena las notas formales ingresadas, a las que se suman innumerables reclamos a trav\u00e9s de redes sociales y mensajes dirigidos directamente al partido.<\/p>\n\n\n\n<p>En ese marco, y tras un extenso debate, el Consejo resolvi\u00f3 por amplia mayor\u00eda desplazar de sus lugares dentro del \u00f3rgano a la diputada nacional Carolina Gaillard y a la referente de UPCN Carina Dom\u00ednguez. Ambas estaban presentes y fueron notificadas en el momento, con derecho a exponer su defensa. La decisi\u00f3n fue fundamentada en \u201cla gravedad de haber actuado electoralmente por fuera del partido y en contra de la lista oficial\u201d.<\/p>\n\n\n\n<p>El listado de dirigentes se\u00f1alados en las notas de sanci\u00f3n incluye a 15 nombres, entre ellos H\u00e9ctor Maya, Domingo Rossi, Carlos Reggiardo, Ver\u00f3nica Rubattino, Gustavo Guzm\u00e1n, Silvio Farach, Federico Olano, Valentina Luna Gonz\u00e1lez, Mar\u00eda Rosa Vergara y otros referentes territoriales. El Consejo sostuvo que varias de estas conductas habr\u00edan sido \u201cfuncionales a la alianza provincial entre Rogelio Frigerio y Javier Milei\u201d.<\/p>\n\n\n\n<p>Desde la conducci\u00f3n, encabezada por Jos\u00e9 C\u00e1ceres, remarcaron que las acciones por fuera del PJ constituyeron \u201cuna falta grave a la Carta Org\u00e1nica y un ataque directo al partido en plena contienda electoral\u201d. Se\u00f1alaron adem\u00e1s que, en ciertos casos, los cuestionamientos hacia la lista oficial \u201cfueron acompa\u00f1ados por una sa\u00f1a irracional o motivada por intereses ajenos al peronismo\u201d.<\/p>\n\n\n\n<p><strong>Autocr\u00edtica tras la derrota<\/strong><\/p>\n\n\n\n<p>Durante la reuni\u00f3n tambi\u00e9n se evaluaron los resultados de las elecciones, donde la lista 501 \u2014Fuerza Entre R\u00edos\u2014 qued\u00f3 en segundo lugar, obteniendo un senador y dos diputados nacionales. La dirigencia reconoci\u00f3 la necesidad de recuperar al electorado desencantado que se alej\u00f3 del peronismo provincial, ya sea por desmovilizaci\u00f3n o por optar por otras fuerzas.<\/p>\n\n\n\n<p>Asimismo, se discuti\u00f3 un informe econ\u00f3mico-financiero y se reiter\u00f3 el llamado a los afiliados comprendidos en la Carta Org\u00e1nica a regularizar sus aportes partidarios.<\/p>\n\n\n\n<p><strong>Mirada hacia 2027<\/strong><\/p>\n\n\n\n<p>En la segunda parte del encuentro, el Consejo inform\u00f3 que mantiene conversaciones con diversos sectores para rearmar equipos pol\u00edticos y t\u00e9cnicos con vistas a elaborar un programa de gobierno para 2027. Se insisti\u00f3 en que el peronismo debe actualizar su doctrina y modernizar su propuesta para volver a ser una opci\u00f3n competitiva.<\/p>\n\n\n\n<p>Los ejes que se plantearon como centrales fueron equilibrio fiscal, producci\u00f3n, industria, empleo y ampliaci\u00f3n de derechos. La conducci\u00f3n record\u00f3 que el mandato de los legisladores electos del espacio es ejercer \u201cuna oposici\u00f3n firme y sin dobleces\u201d frente a las administraciones de Javier Milei y Rogelio Frigerio.<\/p>\n\n\n\n<p>La decisi\u00f3n de apartar a Gaillard y Dom\u00ednguez marca un punto de inflexi\u00f3n en la interna justicialista: el partido inici\u00f3 formalmente su etapa de disciplinamiento y reordenamiento con la mira puesta en volver a ser gobierno dentro de dos a\u00f1os.<\/p>\n","protected":false},"excerpt":{"rendered":"<p>En una reuni&oacute;n cargada de tensi&oacute;n pol&iacute;tica, el Consejo Provincial del Partido Justicialista de Entre R&iacute;os resolvi&oacute; desplazar de sus cargos a Carolina Gaillard y Carina Dom&iacute;nguez. La medida se da en medio de un fuerte reclamo interno para castigar a quienes rompieron con la lista oficial en las &uacute;ltimas elecciones. El jueves por la [&hellip;]<\/p>\n","protected":false},"author":2,"featured_media":31814,"comment_status":"closed","ping_status":"closed","sticky":false,"template":"","format":"standard","meta":{"footnotes":""},"categories":[11,4],"tags":[1110,590,1408,506,382,1705],"class_list":["post-31813","post","type-post","status-publish","format-standard","has-post-thumbnail","hentry","category-politica","category-provinciales","tag-carina-dominguez","tag-carolina-gaillard","tag-consejo","tag-jose-caceres","tag-pj","tag-provincial"],"_links":{"self":[{"href":"https:\/\/impactodenoticias.com.ar\/index.php?rest_route=\/wp\/v2\/posts\/31813","targetHints":{"allow":["GET"]}}],"collection":[{"href":"https:\/\/impactodenoticias.com.ar\/index.php?rest_route=\/wp\/v2\/posts"}],"about":[{"href":"https:\/\/impactodenoticias.com.ar\/index.php?rest_route=\/wp\/v2\/types\/post"}],"author":[{"embeddable":true,"href":"https:\/\/impactodenoticias.com.ar\/index.php?rest_route=\/wp\/v2\/users\/2"}],"replies":[{"embeddable":true,"href":"https:\/\/impactodenoticias.com.ar\/index.php?rest_route=%2Fwp%2Fv2%2Fcomments&post=31813"}],"version-history":[{"count":1,"href":"https:\/\/impactodenoticias.com.ar\/index.php?rest_route=\/wp\/v2\/posts\/31813\/revisions"}],"predecessor-version":[{"id":31815,"href":"https:\/\/impactodenoticias.com.ar\/index.php?rest_route=\/wp\/v2\/posts\/31813\/revisions\/31815"}],"wp:featuredmedia":[{"embeddable":true,"href":"https:\/\/impactodenoticias.com.ar\/index.php?rest_route=\/wp\/v2\/media\/31814"}],"wp:attachment":[{"href":"https:\/\/impactodenoticias.com.ar\/index.php?rest_route=%2Fwp%2Fv2%2Fmedia&parent=31813"}],"wp:term":[{"taxonomy":"category","embeddable":true,"href":"https:\/\/impactodenoticias.com.ar\/index.php?rest_route=%2Fwp%2Fv2%2Fcategories&post=31813"},{"taxonomy":"post_tag","embeddable":true,"href":"https:\/\/impactodenoticias.com.ar\/index.php?rest_route=%2Fwp%2Fv2%2Ftags&post=31813"}],"curies":[{"name":"wp","href":"https:\/\/api.w.org\/{rel}","templated":true}]}}