{"id":31826,"date":"2025-11-28T18:19:35","date_gmt":"2025-11-28T21:19:35","guid":{"rendered":"https:\/\/impactodenoticias.com.ar\/?p=31826"},"modified":"2025-11-28T18:20:54","modified_gmt":"2025-11-28T21:20:54","slug":"parana-secuestraron-un-arsenal-de-armas-de-fuego-municiones-y-equipamiento","status":"publish","type":"post","link":"https:\/\/impactodenoticias.com.ar\/?p=31826","title":{"rendered":"Paran\u00e1: secuestraron un arsenal de armas de fuego, municiones y equipamiento"},"content":{"rendered":"\n<h2 class=\"wp-block-heading\">En el marco de una investigaci\u00f3n por delitos vinculados con la tenencia de armas, personal de la comisar\u00eda novena de Paran\u00e1, bajo la direcci\u00f3n del Juzgado de Garant\u00edas N\u00b04, efectu\u00f3 dos allanamientos y requisas domiciliarias en distintos puntos de la ciudad.<\/h2>\n\n\n\n<p>Los operativos fueron requeridos por la fiscal Valeria Vilchez y otorgados por el juez Juli\u00e1n Vergara. Hasta el momento hay una persona detenida, que fue trasladado a la Alcaid\u00eda de Tribunales.<\/p>\n\n\n\n<p><\/p>\n\n\n\n<figure class=\"wp-block-image size-full\"><img loading=\"lazy\" decoding=\"async\" width=\"696\" height=\"560\" src=\"https:\/\/impactodenoticias.com.ar\/wp-content\/uploads\/2025\/11\/Allanamiento-Anacleto-Medina-Parana.webp\" alt=\"\" class=\"wp-image-31827\" srcset=\"https:\/\/impactodenoticias.com.ar\/wp-content\/uploads\/2025\/11\/Allanamiento-Anacleto-Medina-Parana.webp 696w, https:\/\/impactodenoticias.com.ar\/wp-content\/uploads\/2025\/11\/Allanamiento-Anacleto-Medina-Parana-300x241.webp 300w\" sizes=\"auto, (max-width: 696px) 100vw, 696px\" \/><\/figure>\n\n\n\n<p><\/p>\n\n\n\n<p>Seg\u00fan se inform\u00f3 a <strong>IMPACTO DE NOTICIAS<\/strong>, el primer operativo se llev\u00f3 a cabo en calle Los Minuanes al 620, donde un hombre, al advertir la presencia policial, intent\u00f3 ocultar un objeto y huir del lugar. Fue r\u00e1pidamente reducido y se le incaut\u00f3 una pistola calibre 9mm. En el domicilio se secuestraron adem\u00e1s una carabina calibre .22LR, una escopeta calibre 16 UAB, 16 cartuchos de 9x19mm, 20 cartuchos calibre .22LR y 6 cartuchos calibre 16 UAB, entre otros elementos de interes para la causa.<\/p>\n\n\n\n<p><\/p>\n\n\n\n<figure class=\"wp-block-image size-full\"><img loading=\"lazy\" decoding=\"async\" width=\"696\" height=\"532\" src=\"https:\/\/impactodenoticias.com.ar\/wp-content\/uploads\/2025\/11\/Chaleco-Antibala-Secuestro-Anacleto-Medina.webp\" alt=\"\" class=\"wp-image-31828\" srcset=\"https:\/\/impactodenoticias.com.ar\/wp-content\/uploads\/2025\/11\/Chaleco-Antibala-Secuestro-Anacleto-Medina.webp 696w, https:\/\/impactodenoticias.com.ar\/wp-content\/uploads\/2025\/11\/Chaleco-Antibala-Secuestro-Anacleto-Medina-300x229.webp 300w\" sizes=\"auto, (max-width: 696px) 100vw, 696px\" \/><\/figure>\n\n\n\n<p><\/p>\n\n\n\n<p>El segundo operativo se realiz\u00f3 en la intersecci\u00f3n de Segundo Sombra y Los Ceibos, donde se localizaron diversas armas y municiones en la habitaci\u00f3n ocupada por el hijo del notificado, quien no se encontraba presente al momento del allanamiento. Se secuestraron una carabina, una escopeta, cinco rev\u00f3lveres, cartuchos y vainas de distintos calibres, adem\u00e1s de dos chaquetillas color arena con distintivos de Prefectura Naval Argentina y un chaleco porta placa y equipo color arena, sin placas bal\u00edsticas.<\/p>\n\n\n\n<p>Los procedimientos se llevaron a cabo tras una serie de hechos violentos que sacudieron a la zona y preocuparon a los vecinos.<\/p>\n\n\n\n<p>Las autoridades comunicaron que todos los elementos incautados ser\u00e1n sometidos a pericias para determinar su procedencia y legalidad. Estos operativos reflejan el compromiso de las fuerzas de seguridad en la lucha contra la criminalidad y la protecci\u00f3n de la comunidad paranaense.<\/p>\n\n\n\n<p>#ImpactoDeNoticias<\/p>\n","protected":false},"excerpt":{"rendered":"<p>En el marco de una investigaci&oacute;n por delitos vinculados con la tenencia de armas, personal de la comisar&iacute;a novena de Paran&aacute;, bajo la direcci&oacute;n del Juzgado de Garant&iacute;as N&deg;4, efectu&oacute; dos allanamientos y requisas domiciliarias en distintos puntos de la ciudad. Los operativos fueron requeridos por la fiscal Valeria Vilchez y otorgados por el juez [&hellip;]<\/p>\n","protected":false},"author":2,"featured_media":31829,"comment_status":"closed","ping_status":"closed","sticky":false,"template":"","format":"standard","meta":{"footnotes":""},"categories":[3,8],"tags":[1136,1035,95],"class_list":["post-31826","post","type-post","status-publish","format-standard","has-post-thumbnail","hentry","category-locales","category-policiales","tag-allanamientos","tag-anacleto-medina","tag-parana"],"_links":{"self":[{"href":"https:\/\/impactodenoticias.com.ar\/index.php?rest_route=\/wp\/v2\/posts\/31826","targetHints":{"allow":["GET"]}}],"collection":[{"href":"https:\/\/impactodenoticias.com.ar\/index.php?rest_route=\/wp\/v2\/posts"}],"about":[{"href":"https:\/\/impactodenoticias.com.ar\/index.php?rest_route=\/wp\/v2\/types\/post"}],"author":[{"embeddable":true,"href":"https:\/\/impactodenoticias.com.ar\/index.php?rest_route=\/wp\/v2\/users\/2"}],"replies":[{"embeddable":true,"href":"https:\/\/impactodenoticias.com.ar\/index.php?rest_route=%2Fwp%2Fv2%2Fcomments&post=31826"}],"version-history":[{"count":2,"href":"https:\/\/impactodenoticias.com.ar\/index.php?rest_route=\/wp\/v2\/posts\/31826\/revisions"}],"predecessor-version":[{"id":31831,"href":"https:\/\/impactodenoticias.com.ar\/index.php?rest_route=\/wp\/v2\/posts\/31826\/revisions\/31831"}],"wp:featuredmedia":[{"embeddable":true,"href":"https:\/\/impactodenoticias.com.ar\/index.php?rest_route=\/wp\/v2\/media\/31829"}],"wp:attachment":[{"href":"https:\/\/impactodenoticias.com.ar\/index.php?rest_route=%2Fwp%2Fv2%2Fmedia&parent=31826"}],"wp:term":[{"taxonomy":"category","embeddable":true,"href":"https:\/\/impactodenoticias.com.ar\/index.php?rest_route=%2Fwp%2Fv2%2Fcategories&post=31826"},{"taxonomy":"post_tag","embeddable":true,"href":"https:\/\/impactodenoticias.com.ar\/index.php?rest_route=%2Fwp%2Fv2%2Ftags&post=31826"}],"curies":[{"name":"wp","href":"https:\/\/api.w.org\/{rel}","templated":true}]}}