{"id":31855,"date":"2025-11-30T10:28:00","date_gmt":"2025-11-30T13:28:00","guid":{"rendered":"https:\/\/impactodenoticias.com.ar\/?p=31855"},"modified":"2025-12-01T09:56:20","modified_gmt":"2025-12-01T12:56:20","slug":"entre-rios-adhirio-al-comunicado-inter-provincial-sobre-la-seguridad-y-eficacia-de-las-vacunas","status":"publish","type":"post","link":"https:\/\/impactodenoticias.com.ar\/?p=31855","title":{"rendered":"Entre R\u00edos adhiri\u00f3 al comunicado inter provincial sobre la seguridad y eficacia de las vacunas"},"content":{"rendered":"\n<h2 class=\"wp-block-heading\">El Ministerio de Salud de Entre R\u00edos rubric\u00f3 un comunicado nacional conjunto en el que se reafirma la importancia del Calendario Nacional de Vacunaci\u00f3n como una herramienta central para la prevenci\u00f3n de enfermedades graves y para la protecci\u00f3n de toda la poblaci\u00f3n. \u201cVacunarse no es solo un acto de cuidado individual: es un compromiso colectivo\u201d, subray\u00f3 el ministro entrerriano.<\/h2>\n\n\n\n<p>Entre R\u00edos fur parte de la confecci\u00f3n del comunicado y adhiri\u00f3 a un documento, que firm\u00f3 el ministro de Salud, Daniel Blanzaco, junto a sus pares de otras jurisdicciones, con el objetivo de ratificar la convicci\u00f3n de que la vacunaci\u00f3n es una pol\u00edtica sanitaria indispensable, y de reafirmar el compromiso federal para garantizar que cada persona acceda, de manera gratuita y oportuna, a todas las vacunas del calendario.<\/p>\n\n\n\n<p>La declaraci\u00f3n destaca que las vacunas son seguras, eficaces y gratuitas; y remarca que cada dosis incluida en el Calendario Nacional cuenta con d\u00e9cadas de evidencia cient\u00edfica y con un proceso riguroso de evaluaci\u00f3n antes de su aplicaci\u00f3n. En el documento se sostiene, adem\u00e1s, que la vacunaci\u00f3n es una pol\u00edtica sanitaria indispensable que permite evitar brotes y disminuir el riesgo de mortalidad por enfermedades prevenibles.<\/p>\n\n\n\n<p>El texto se\u00f1ala que la adquisici\u00f3n, distribuci\u00f3n y aplicaci\u00f3n de las vacunas requieren una tarea articulada entre Naci\u00f3n, provincias y municipios. Esa labor conjunta es la que garantiza el acceso equitativo y oportuno para todas las personas, sin distinci\u00f3n y en cada punto del pa\u00eds.<\/p>\n\n\n\n<p>Al acompa\u00f1ar la firma del comunicado federal, Blanzaco, manifest\u00f3: \u00abVacunarse no es solo un acto de cuidado individual: es un compromiso colectivo. Cada dosis aplicada evita enfermedades que pueden ser graves y salva vidas. Las vacunas funcionan, son seguras, y est\u00e1n disponibles de manera gratuita para toda la poblaci\u00f3n\u00bb.<\/p>\n\n\n\n<p>\u00abEn Entre R\u00edos trabajamos todos los d\u00edas para fortalecer la vacunaci\u00f3n y garantizar el acceso a cada una de las dosis del Calendario Nacional. Hoy ratificamos, junto a todas las provincias, nuestra convicci\u00f3n: cuidar a la poblaci\u00f3n es una prioridad y la vacunaci\u00f3n es una herramienta irremplazable para lograrlo\u00bb, agreg\u00f3.<\/p>\n\n\n\n<p>El comunicado fue impulsado por el ministro de Salud de la Naci\u00f3n y los ministros provinciales de: Entre R\u00edos; Ciudad Aut\u00f3noma de Buenos Aires; Catamarca; C\u00f3rdoba; Corrientes; Chaco; Chubut; Jujuy; La Pampa; La Rioja; Mendoza; Misiones; Neuqu\u00e9n; R\u00edo Negro; Salta; San Juan; San Luis; Santa Cruz; Santa Fe; Santiago del Estero; Tierra del Fuego, Ant\u00e1rtida e Islas del Atl\u00e1ntico Sur; y Tucum\u00e1n.<\/p>\n\n\n\n<p>Desde la cartera sanitaria provincial se recuerda que los centros de salud y hospitales de Entre R\u00edos cuentan con todas las vacunas del calendario y se convoca a la poblaci\u00f3n a asistir a los vacunatorios para completar esquemas y mantener al d\u00eda la protecci\u00f3n frente a enfermedades prevenibles.<\/p>\n","protected":false},"excerpt":{"rendered":"<p>El Ministerio de Salud de Entre R&iacute;os rubric&oacute; un comunicado nacional conjunto en el que se reafirma la importancia del Calendario Nacional de Vacunaci&oacute;n como una herramienta central para la prevenci&oacute;n de enfermedades graves y para la protecci&oacute;n de toda la poblaci&oacute;n. &ldquo;Vacunarse no es solo un acto de cuidado individual: es un compromiso colectivo&rdquo;, [&hellip;]<\/p>\n","protected":false},"author":2,"featured_media":31856,"comment_status":"closed","ping_status":"closed","sticky":false,"template":"","format":"standard","meta":{"footnotes":""},"categories":[4,49],"tags":[6339,33,536,2000],"class_list":["post-31855","post","type-post","status-publish","format-standard","has-post-thumbnail","hentry","category-provinciales","category-sociedad","tag-eficacia","tag-entre-rios","tag-seguridad","tag-vacunas"],"_links":{"self":[{"href":"https:\/\/impactodenoticias.com.ar\/index.php?rest_route=\/wp\/v2\/posts\/31855","targetHints":{"allow":["GET"]}}],"collection":[{"href":"https:\/\/impactodenoticias.com.ar\/index.php?rest_route=\/wp\/v2\/posts"}],"about":[{"href":"https:\/\/impactodenoticias.com.ar\/index.php?rest_route=\/wp\/v2\/types\/post"}],"author":[{"embeddable":true,"href":"https:\/\/impactodenoticias.com.ar\/index.php?rest_route=\/wp\/v2\/users\/2"}],"replies":[{"embeddable":true,"href":"https:\/\/impactodenoticias.com.ar\/index.php?rest_route=%2Fwp%2Fv2%2Fcomments&post=31855"}],"version-history":[{"count":1,"href":"https:\/\/impactodenoticias.com.ar\/index.php?rest_route=\/wp\/v2\/posts\/31855\/revisions"}],"predecessor-version":[{"id":31857,"href":"https:\/\/impactodenoticias.com.ar\/index.php?rest_route=\/wp\/v2\/posts\/31855\/revisions\/31857"}],"wp:featuredmedia":[{"embeddable":true,"href":"https:\/\/impactodenoticias.com.ar\/index.php?rest_route=\/wp\/v2\/media\/31856"}],"wp:attachment":[{"href":"https:\/\/impactodenoticias.com.ar\/index.php?rest_route=%2Fwp%2Fv2%2Fmedia&parent=31855"}],"wp:term":[{"taxonomy":"category","embeddable":true,"href":"https:\/\/impactodenoticias.com.ar\/index.php?rest_route=%2Fwp%2Fv2%2Fcategories&post=31855"},{"taxonomy":"post_tag","embeddable":true,"href":"https:\/\/impactodenoticias.com.ar\/index.php?rest_route=%2Fwp%2Fv2%2Ftags&post=31855"}],"curies":[{"name":"wp","href":"https:\/\/api.w.org\/{rel}","templated":true}]}}