{"id":31864,"date":"2025-11-30T10:40:11","date_gmt":"2025-11-30T13:40:11","guid":{"rendered":"https:\/\/impactodenoticias.com.ar\/?p=31864"},"modified":"2025-12-01T09:56:33","modified_gmt":"2025-12-01T12:56:33","slug":"parana-san-jose-asegura-que-incorporara-una-parte-importante-del-plantel-de-buses-parana","status":"publish","type":"post","link":"https:\/\/impactodenoticias.com.ar\/?p=31864","title":{"rendered":"Paran\u00e1: San Jos\u00e9 asegura que incorporar\u00e1 una parte importante del plantel de Buses Paran\u00e1"},"content":{"rendered":"\n<h2 class=\"wp-block-heading\">La empresa Transporte San Jos\u00e9 S.A., nueva adjudicataria del servicio de transporte urbano de pasajeros de la ciudad de Paran\u00e1, dio a conocer en las primeras horas de este s\u00e1bado un comunicado dirigido \u201ca la comunidad y a los trabajadores del sistema urbano\u201d.<\/h2>\n\n\n\n<p>El mensaje se divulg\u00f3 en medio de la preocupaci\u00f3n expresada por choferes de la firma saliente sobre su continuidad laboral, a pocos d\u00edas del inicio de la nueva concesi\u00f3n que comenzar\u00e1 a regir el 7 de diciembre.<\/p>\n\n\n\n<p>En el escrito, la compa\u00f1\u00eda asever\u00f3 que est\u00e1 \u201cdispuesta a incorporar una parte importante del personal vinculado actualmente a la UTE Buses Paran\u00e1, del Grupo ERSA y Mariano Moreno\u201d, destaca el comunicado enviado a IMPACTO DE NOTICIAS. De este modo, llevar\u00eda cierta tranquilidad a un sector que hab\u00eda planteado dudas ante el inminente traspaso del servicio.<\/p>\n\n\n\n<p>Transporte San Jos\u00e9 tambi\u00e9n aclar\u00f3 que \u201clos compromisos laborales asumidos entre la empresa saliente y sus trabajadores deber\u00e1n ser resueltos entre ambas partes\u201d, se\u00f1alando que la responsabilidad de acuerdos previos no recae sobre la nueva prestadora. La empresa destac\u00f3 en el escrito difundido por la compa\u00f1\u00eda esta madrugada, que su intervenci\u00f3n comenzar\u00e1 al asumir formalmente la operaci\u00f3n del sistema urbano.<\/p>\n\n\n\n<p>El comunicado finaliz\u00f3 se\u00f1alando que la prioridad ser\u00e1 ofrecer a los paranaenses un servicio \u201ceficiente y de calidad, acorde a sus necesidades\u201d, en l\u00ednea con los lineamientos establecidos por la licitaci\u00f3n.<\/p>\n","protected":false},"excerpt":{"rendered":"<p>La empresa Transporte San Jos&eacute; S.A., nueva adjudicataria del servicio de transporte urbano de pasajeros de la ciudad de Paran&aacute;, dio a conocer en las primeras horas de este s&aacute;bado un comunicado dirigido &ldquo;a la comunidad y a los trabajadores del sistema urbano&rdquo;. El mensaje se divulg&oacute; en medio de la preocupaci&oacute;n expresada por choferes [&hellip;]<\/p>\n","protected":false},"author":2,"featured_media":31750,"comment_status":"closed","ping_status":"closed","sticky":false,"template":"","format":"standard","meta":{"footnotes":""},"categories":[91,3,1902],"tags":[348,1229,95,390],"class_list":["post-31864","post","type-post","status-publish","format-standard","has-post-thumbnail","hentry","category-gremiales","category-locales","category-municipales","tag-colectivos","tag-empresa","tag-parana","tag-san-jose"],"_links":{"self":[{"href":"https:\/\/impactodenoticias.com.ar\/index.php?rest_route=\/wp\/v2\/posts\/31864","targetHints":{"allow":["GET"]}}],"collection":[{"href":"https:\/\/impactodenoticias.com.ar\/index.php?rest_route=\/wp\/v2\/posts"}],"about":[{"href":"https:\/\/impactodenoticias.com.ar\/index.php?rest_route=\/wp\/v2\/types\/post"}],"author":[{"embeddable":true,"href":"https:\/\/impactodenoticias.com.ar\/index.php?rest_route=\/wp\/v2\/users\/2"}],"replies":[{"embeddable":true,"href":"https:\/\/impactodenoticias.com.ar\/index.php?rest_route=%2Fwp%2Fv2%2Fcomments&post=31864"}],"version-history":[{"count":1,"href":"https:\/\/impactodenoticias.com.ar\/index.php?rest_route=\/wp\/v2\/posts\/31864\/revisions"}],"predecessor-version":[{"id":31865,"href":"https:\/\/impactodenoticias.com.ar\/index.php?rest_route=\/wp\/v2\/posts\/31864\/revisions\/31865"}],"wp:featuredmedia":[{"embeddable":true,"href":"https:\/\/impactodenoticias.com.ar\/index.php?rest_route=\/wp\/v2\/media\/31750"}],"wp:attachment":[{"href":"https:\/\/impactodenoticias.com.ar\/index.php?rest_route=%2Fwp%2Fv2%2Fmedia&parent=31864"}],"wp:term":[{"taxonomy":"category","embeddable":true,"href":"https:\/\/impactodenoticias.com.ar\/index.php?rest_route=%2Fwp%2Fv2%2Fcategories&post=31864"},{"taxonomy":"post_tag","embeddable":true,"href":"https:\/\/impactodenoticias.com.ar\/index.php?rest_route=%2Fwp%2Fv2%2Ftags&post=31864"}],"curies":[{"name":"wp","href":"https:\/\/api.w.org\/{rel}","templated":true}]}}