{"id":31875,"date":"2025-11-30T21:14:43","date_gmt":"2025-12-01T00:14:43","guid":{"rendered":"https:\/\/impactodenoticias.com.ar\/?p=31875"},"modified":"2025-12-02T13:05:37","modified_gmt":"2025-12-02T16:05:37","slug":"la-ucr-en-su-laberinto-entre-el-desgaste-interno-y-la-busqueda-de-un-nuevo-rumbo","status":"publish","type":"post","link":"https:\/\/impactodenoticias.com.ar\/?p=31875","title":{"rendered":"La UCR en su laberinto: entre el desgaste interno y la b\u00fasqueda de un nuevo rumbo"},"content":{"rendered":"\n<h2 class=\"wp-block-heading\">El radicalismo llega a su recambio de autoridades en uno de los momentos m\u00e1s delicados de su historia reciente: liderazgos dispersos, representaci\u00f3n legislativa en retroceso y una identidad partidaria que ya no logra interpelar al electorado.<\/h2>\n\n\n\n<p>La Uni\u00f3n C\u00edvica Radical, s\u00edmbolo hist\u00f3rico de la vida democr\u00e1tica argentina, vuelve a atravesar un terremoto interno. En los pr\u00f3ximos d\u00edas el partido elegir\u00e1 nuevas autoridades nacionales, pero lo har\u00e1 en un escenario marcado por la p\u00e9rdida de bancas, el retroceso territorial y un debate cada vez m\u00e1s intenso sobre qu\u00e9 significa hoy \u201cser radical\u201d.<\/p>\n\n\n\n<p>Aunque los malos resultados electorales agravaron la crisis, dirigentes y analistas coinciden en que el problema es mucho m\u00e1s profundo. La UCR ya no logra exhibir con claridad cu\u00e1l es su identidad, ni qu\u00e9 sector social representa. Y eso, para un partido centenario cuyo aporte hist\u00f3rico fue precisamente garantizar la vigencia de la Constituci\u00f3n, las libertades p\u00fablicas y el equilibrio republicano, abre un signo de interrogaci\u00f3n sobre su futuro.<\/p>\n\n\n\n<p>Un partido que fue br\u00fajula y hoy no encuentra norte<\/p>\n\n\n\n<p>Durante d\u00e9cadas, el radicalismo actu\u00f3 como un contrapeso moderado frente a los autoritarismos, un garante institucional en tiempos turbulentos y un refugio simb\u00f3lico para las clases medias urbanas. Su rol en la recuperaci\u00f3n democr\u00e1tica de 1983 marc\u00f3 un antes y un despu\u00e9s en la Argentina moderna.<\/p>\n\n\n\n<p>Pero aquella centralidad se fue debilitando. Con el paso de los a\u00f1os, la sociedad consolid\u00f3 valores que antes el radicalismo encarnaba casi en exclusividad: la defensa de los derechos humanos, la institucionalidad, el respeto por la voluntad popular. Parad\u00f3jicamente, la victoria cultural de esos principios dej\u00f3 al partido sin una marca distintiva clara en el nuevo mapa pol\u00edtico.<\/p>\n\n\n\n<p>A esa p\u00e9rdida de singularidad se suma un fen\u00f3meno que los propios radicales admiten: la fragmentaci\u00f3n. No s\u00f3lo territorial, sino tambi\u00e9n discursiva. Grupos internos, liderazgos locales con agendas propias, alianzas cambiantes y decisiones contradictorias han dado como resultado una estructura que ya no se reconoce a s\u00ed misma en un proyecto nacional homog\u00e9neo.<\/p>\n\n\n\n<p>La insignificancia como riesgo real<\/p>\n\n\n\n<p>En varias provincias, sus dirigentes aparecen subordinados a coaliciones que los absorben, a socios electorales que imponen agenda o a liderazgos personalistas que diluyen el sello hist\u00f3rico. Esa din\u00e1mica, seg\u00fan advierten sectores internos, empuja a la UCR a un lugar inc\u00f3modo: el de convertirse en una fuerza sin peso real frente a las discusiones m\u00e1s relevantes del pa\u00eds.<\/p>\n\n\n\n<p>No es la primera vez que el radicalismo enfrenta rupturas. A lo largo del siglo XX, cada crisis interna tuvo consecuencias nacionales: gobiernos debilitados, fracturas institucionales o reconfiguraciones del sistema pol\u00edtico. Pero nunca antes el desaf\u00edo hab\u00eda sido tan existencial: \u00bfqu\u00e9 queda de la identidad radical cuando sus dirigentes se mimetizan con espacios que representan lo opuesto a sus valores fundacionales?<\/p>\n\n\n\n<p>El dilema de los principios y el reclamo de volver a empezar<\/p>\n\n\n\n<p>Las advertencias de Hip\u00f3lito Yrigoyen, pronunciadas hace un siglo, hoy suenan inquietantemente actuales: \u201cque se pierdan mil gobiernos, pero que se salven los principios\u201d. Para muchos militantes, el radicalismo abandon\u00f3 esa br\u00fajula moral y se sumergi\u00f3 en una l\u00f3gica de alianzas de ocasi\u00f3n, acuerdos t\u00e1cticos y pragmatismo extremo.<\/p>\n\n\n\n<p>La p\u00e9rdida de identidad tambi\u00e9n impact\u00f3 en la pertenencia: el partido dej\u00f3 de convocar nuevos cuadros, de renovar liderazgos y de disputar ideas de fondo. En un contexto donde los partidos tradicionales de todo el mundo atraviesan crisis similares, la UCR enfrenta el riesgo de quedar reducida a un sello, un s\u00edmbolo de museo, o una expresi\u00f3n secundaria dentro de coaliciones ajenas.<\/p>\n\n\n\n<p>Un futuro incierto que exige decisiones de fondo<\/p>\n\n\n\n<p>El radicalismo argentino carga con una responsabilidad hist\u00f3rica: ser un actor capaz de ordenar tensiones, defender la convivencia democr\u00e1tica y priorizar el bien com\u00fan por sobre la l\u00f3gica facciosa. Ese legado, que durante a\u00f1os funcion\u00f3 como un sost\u00e9n del sistema, hoy se encuentra en revisi\u00f3n.<\/p>\n\n\n\n<p>La elecci\u00f3n interna que se aproxima no definir\u00e1 solo autoridades. Pondr\u00e1 en juego el sentido mismo del partido: si recupera su voz propia y reconstruye un proyecto nacional, o si profundiza un camino de irrelevancia pol\u00edtica.<\/p>\n\n\n\n<p>En palabras del propio yrigoyenismo, la pregunta vuelve a resonar:<\/p>\n\n\n\n<p>\u00bfes posible \u201cempezar de nuevo\u201d, recuperar credibilidad y volver a construir identidad desde la ra\u00edz?<\/p>\n\n\n\n<p>La respuesta marcar\u00e1 el destino de una fuerza que molde\u00f3 buena parte de la vida democr\u00e1tica argentina y que hoy enfrenta quiz\u00e1 su desaf\u00edo m\u00e1s profundo.<\/p>\n","protected":false},"excerpt":{"rendered":"<p>El radicalismo llega a su recambio de autoridades en uno de los momentos m&aacute;s delicados de su historia reciente: liderazgos dispersos, representaci&oacute;n legislativa en retroceso y una identidad partidaria que ya no logra interpelar al electorado. La Uni&oacute;n C&iacute;vica Radical, s&iacute;mbolo hist&oacute;rico de la vida democr&aacute;tica argentina, vuelve a atravesar un terremoto interno. En los [&hellip;]<\/p>\n","protected":false},"author":2,"featured_media":31876,"comment_status":"closed","ping_status":"closed","sticky":false,"template":"","format":"standard","meta":{"footnotes":""},"categories":[10,11],"tags":[6348,1545,6349,216],"class_list":["post-31875","post","type-post","status-publish","format-standard","has-post-thumbnail","hentry","category-nacionales","category-politica","tag-desgaste","tag-nuevo","tag-rumbo","tag-ucr"],"_links":{"self":[{"href":"https:\/\/impactodenoticias.com.ar\/index.php?rest_route=\/wp\/v2\/posts\/31875","targetHints":{"allow":["GET"]}}],"collection":[{"href":"https:\/\/impactodenoticias.com.ar\/index.php?rest_route=\/wp\/v2\/posts"}],"about":[{"href":"https:\/\/impactodenoticias.com.ar\/index.php?rest_route=\/wp\/v2\/types\/post"}],"author":[{"embeddable":true,"href":"https:\/\/impactodenoticias.com.ar\/index.php?rest_route=\/wp\/v2\/users\/2"}],"replies":[{"embeddable":true,"href":"https:\/\/impactodenoticias.com.ar\/index.php?rest_route=%2Fwp%2Fv2%2Fcomments&post=31875"}],"version-history":[{"count":1,"href":"https:\/\/impactodenoticias.com.ar\/index.php?rest_route=\/wp\/v2\/posts\/31875\/revisions"}],"predecessor-version":[{"id":31877,"href":"https:\/\/impactodenoticias.com.ar\/index.php?rest_route=\/wp\/v2\/posts\/31875\/revisions\/31877"}],"wp:featuredmedia":[{"embeddable":true,"href":"https:\/\/impactodenoticias.com.ar\/index.php?rest_route=\/wp\/v2\/media\/31876"}],"wp:attachment":[{"href":"https:\/\/impactodenoticias.com.ar\/index.php?rest_route=%2Fwp%2Fv2%2Fmedia&parent=31875"}],"wp:term":[{"taxonomy":"category","embeddable":true,"href":"https:\/\/impactodenoticias.com.ar\/index.php?rest_route=%2Fwp%2Fv2%2Fcategories&post=31875"},{"taxonomy":"post_tag","embeddable":true,"href":"https:\/\/impactodenoticias.com.ar\/index.php?rest_route=%2Fwp%2Fv2%2Ftags&post=31875"}],"curies":[{"name":"wp","href":"https:\/\/api.w.org\/{rel}","templated":true}]}}