{"id":31892,"date":"2025-12-02T09:02:50","date_gmt":"2025-12-02T12:02:50","guid":{"rendered":"https:\/\/impactodenoticias.com.ar\/?p=31892"},"modified":"2025-12-02T09:02:50","modified_gmt":"2025-12-02T12:02:50","slug":"parana-maniataron-a-un-joven-y-le-robaron-10-iphone-en-un-edificio-centrico-de-la-ciudad","status":"publish","type":"post","link":"https:\/\/impactodenoticias.com.ar\/?p=31892","title":{"rendered":"Paran\u00e1: maniataron a un joven y le robaron 10 iPhone en un edificio c\u00e9ntrico de la ciudad"},"content":{"rendered":"\n<h2 class=\"wp-block-heading\">Dos personas armadas ingresaron a un edificio, maniataron a un joven y le robaron 10 celulares iPhone. El asalto se registr\u00f3 en horas de la noche de este lunes en calle Piedra Buena, entre Andr\u00e9s Pazos y Urquiza.<\/h2>\n\n\n\n<p>Seg\u00fan informaron fuentes policiales a <strong>IMPACTO DE NOTICIAS<\/strong>, en el lugar funcionaba una oficina como un punto de venta de celulares y otros elementos electr\u00f3nicos y los malvivientes habr\u00edan contado con informaci\u00f3n antes de ingresar.<\/p>\n\n\n\n<p><\/p>\n\n\n\n<figure class=\"wp-block-image size-full\"><img loading=\"lazy\" decoding=\"async\" width=\"719\" height=\"424\" src=\"https:\/\/impactodenoticias.com.ar\/wp-content\/uploads\/2025\/12\/Asalto-Parana-Celulares.png\" alt=\"\" class=\"wp-image-31893\" srcset=\"https:\/\/impactodenoticias.com.ar\/wp-content\/uploads\/2025\/12\/Asalto-Parana-Celulares.png 719w, https:\/\/impactodenoticias.com.ar\/wp-content\/uploads\/2025\/12\/Asalto-Parana-Celulares-300x177.png 300w\" sizes=\"auto, (max-width: 719px) 100vw, 719px\" \/><\/figure>\n\n\n\n<p><\/p>\n\n\n\n<p>Los ladrones se llevaron adem\u00e1s una notebook y un reloj y lograron huir de la escena r\u00e1pidamente. Sin embargo, uno de los involucrados en el robo fue detenido horas m\u00e1s tarde por la Polic\u00eda y puesto a diposici\u00f3n de la Justicia. Se recuperaron adem\u00e1s los dispositivos robados.<\/p>\n\n\n\n<p>Uno de los celulares robados pudo ser rastreado por geolocalizaci\u00f3n y fue ubicado en barrio Macarone. La Polic\u00eda se dirigi\u00f3 r\u00e1pidamente al lugar y se estableci\u00f3 una conexi\u00f3n con un individuo, quien hab\u00eda trabajado en la oficina asaltada.<\/p>\n\n\n\n<p>En medio de la b\u00fasqueda, se encontr\u00f3 una mochila abandonada que conten\u00eda varios celulares. Adem\u00e1s, otro equipo de la Polic\u00eda logr\u00f3 localizar al sospechoso en calle G\u00fcemes y Moreno, cerca del arroyo.<\/p>\n\n\n\n<p>Se comunic\u00f3 a la fiscal\u00eda, que orden\u00f3 la detenci\u00f3n del individuo vinculado al robo. La mochila y el celular hallado en su poder fueron secuestrados y quedar\u00e1n a disposici\u00f3n de la Justicia.<\/p>\n","protected":false},"excerpt":{"rendered":"<p>Dos personas armadas ingresaron a un edificio, maniataron a un joven y le robaron 10 celulares iPhone. El asalto se registr&oacute; en horas de la noche de este lunes en calle Piedra Buena, entre Andr&eacute;s Pazos y Urquiza. Seg&uacute;n informaron fuentes policiales a IMPACTO DE NOTICIAS, en el lugar funcionaba una oficina como un punto [&hellip;]<\/p>\n","protected":false},"author":2,"featured_media":31894,"comment_status":"closed","ping_status":"closed","sticky":false,"template":"","format":"standard","meta":{"footnotes":""},"categories":[3,8],"tags":[1144,1665,665,95],"class_list":["post-31892","post","type-post","status-publish","format-standard","has-post-thumbnail","hentry","category-locales","category-policiales","tag-asalto","tag-celulares","tag-edificio","tag-parana"],"_links":{"self":[{"href":"https:\/\/impactodenoticias.com.ar\/index.php?rest_route=\/wp\/v2\/posts\/31892","targetHints":{"allow":["GET"]}}],"collection":[{"href":"https:\/\/impactodenoticias.com.ar\/index.php?rest_route=\/wp\/v2\/posts"}],"about":[{"href":"https:\/\/impactodenoticias.com.ar\/index.php?rest_route=\/wp\/v2\/types\/post"}],"author":[{"embeddable":true,"href":"https:\/\/impactodenoticias.com.ar\/index.php?rest_route=\/wp\/v2\/users\/2"}],"replies":[{"embeddable":true,"href":"https:\/\/impactodenoticias.com.ar\/index.php?rest_route=%2Fwp%2Fv2%2Fcomments&post=31892"}],"version-history":[{"count":1,"href":"https:\/\/impactodenoticias.com.ar\/index.php?rest_route=\/wp\/v2\/posts\/31892\/revisions"}],"predecessor-version":[{"id":31895,"href":"https:\/\/impactodenoticias.com.ar\/index.php?rest_route=\/wp\/v2\/posts\/31892\/revisions\/31895"}],"wp:featuredmedia":[{"embeddable":true,"href":"https:\/\/impactodenoticias.com.ar\/index.php?rest_route=\/wp\/v2\/media\/31894"}],"wp:attachment":[{"href":"https:\/\/impactodenoticias.com.ar\/index.php?rest_route=%2Fwp%2Fv2%2Fmedia&parent=31892"}],"wp:term":[{"taxonomy":"category","embeddable":true,"href":"https:\/\/impactodenoticias.com.ar\/index.php?rest_route=%2Fwp%2Fv2%2Fcategories&post=31892"},{"taxonomy":"post_tag","embeddable":true,"href":"https:\/\/impactodenoticias.com.ar\/index.php?rest_route=%2Fwp%2Fv2%2Ftags&post=31892"}],"curies":[{"name":"wp","href":"https:\/\/api.w.org\/{rel}","templated":true}]}}