{"id":31929,"date":"2025-12-03T08:59:38","date_gmt":"2025-12-03T11:59:38","guid":{"rendered":"https:\/\/impactodenoticias.com.ar\/?p=31929"},"modified":"2025-12-03T08:59:39","modified_gmt":"2025-12-03T11:59:39","slug":"en-medio-de-un-conflicto-por-un-alquiler-un-hombre-apunalo-a-otro-y-lo-mando-al-hospital","status":"publish","type":"post","link":"https:\/\/impactodenoticias.com.ar\/?p=31929","title":{"rendered":"En medio de un conflicto por un alquiler un hombre apu\u00f1al\u00f3 a otro y lo mand\u00f3 al hospital"},"content":{"rendered":"\n<h2 class=\"wp-block-heading\">En horas de la tarde de este martes, personal de la Comisar\u00eda Sexta de Paran\u00e1, fue solicitado en un domicilio de calle Jos\u00e9 Mar\u00eda Paz,donde un hombre denunci\u00f3 haber sido apu\u00f1alado en el brazo por otro sujeto con quien manten\u00eda conflictos por el alquiler de una habitaci\u00f3n.<\/h2>\n\n\n\n<p>Seg\u00fan se inform\u00f3 a <strong>IMPACTO DE NOTICIAS<\/strong>, tras la visualizaci\u00f3n de las c\u00e1maras de video vigilancia de la Divisi\u00f3n 911, se pudo identificar una camioneta Ford Ranchero roja circulando por la zona de calle Rep\u00fablica de Siria y Romina Iturain, coincidente con la descripci\u00f3n aportada por el damnificado.<\/p>\n\n\n\n<p>Poco m\u00e1s tarde, efectivos de Motopatrullas GEPER ubicaron el veh\u00edculo en calle Juan Bach, entre Palestina y Ginastera, sin ocupantes, procediendo al secuestro del rodado por disposici\u00f3n fiscal.<\/p>\n\n\n\n<p>En el lugar se present\u00f3 el propietario de la camioneta, quien se\u00f1al\u00f3 que la hab\u00eda prestado a un conocido, pero no aport\u00f3 mayores datos.<\/p>\n\n\n\n<p>Luego lleg\u00f3 su hermano, y tras el an\u00e1lisis de las c\u00e1maras de seguridad se estableci\u00f3 que este \u00faltimo era el autor material de la agresi\u00f3n con arma blanca.<\/p>\n\n\n\n<p>Se constat\u00f3 adem\u00e1s que, tras el hecho, se hab\u00eda cambiado de ropa para evitar ser identificado.<\/p>\n\n\n\n<p>Tras este hallazgo, la polic\u00eda inform\u00f3 a la fiscal interviniente, Carolina Guzm\u00e1n, quien orden\u00f3 la detenci\u00f3n del agresor mayor de edad.<\/p>\n","protected":false},"excerpt":{"rendered":"<p>En horas de la tarde de este martes, personal de la Comisar&iacute;a Sexta de Paran&aacute;, fue solicitado en un domicilio de calle Jos&eacute; Mar&iacute;a Paz,donde un hombre denunci&oacute; haber sido apu&ntilde;alado en el brazo por otro sujeto con quien manten&iacute;a conflictos por el alquiler de una habitaci&oacute;n. Seg&uacute;n se inform&oacute; a IMPACTO DE NOTICIAS, tras [&hellip;]<\/p>\n","protected":false},"author":2,"featured_media":31930,"comment_status":"closed","ping_status":"closed","sticky":false,"template":"","format":"standard","meta":{"footnotes":""},"categories":[3,8],"tags":[3527,1108,183,3252,175,3582,95,429],"class_list":["post-31929","post","type-post","status-publish","format-standard","has-post-thumbnail","hentry","category-locales","category-policiales","tag-alquiler","tag-arma","tag-ataque","tag-blanca","tag-detenido","tag-hermano","tag-parana","tag-pelea"],"_links":{"self":[{"href":"https:\/\/impactodenoticias.com.ar\/index.php?rest_route=\/wp\/v2\/posts\/31929","targetHints":{"allow":["GET"]}}],"collection":[{"href":"https:\/\/impactodenoticias.com.ar\/index.php?rest_route=\/wp\/v2\/posts"}],"about":[{"href":"https:\/\/impactodenoticias.com.ar\/index.php?rest_route=\/wp\/v2\/types\/post"}],"author":[{"embeddable":true,"href":"https:\/\/impactodenoticias.com.ar\/index.php?rest_route=\/wp\/v2\/users\/2"}],"replies":[{"embeddable":true,"href":"https:\/\/impactodenoticias.com.ar\/index.php?rest_route=%2Fwp%2Fv2%2Fcomments&post=31929"}],"version-history":[{"count":1,"href":"https:\/\/impactodenoticias.com.ar\/index.php?rest_route=\/wp\/v2\/posts\/31929\/revisions"}],"predecessor-version":[{"id":31931,"href":"https:\/\/impactodenoticias.com.ar\/index.php?rest_route=\/wp\/v2\/posts\/31929\/revisions\/31931"}],"wp:featuredmedia":[{"embeddable":true,"href":"https:\/\/impactodenoticias.com.ar\/index.php?rest_route=\/wp\/v2\/media\/31930"}],"wp:attachment":[{"href":"https:\/\/impactodenoticias.com.ar\/index.php?rest_route=%2Fwp%2Fv2%2Fmedia&parent=31929"}],"wp:term":[{"taxonomy":"category","embeddable":true,"href":"https:\/\/impactodenoticias.com.ar\/index.php?rest_route=%2Fwp%2Fv2%2Fcategories&post=31929"},{"taxonomy":"post_tag","embeddable":true,"href":"https:\/\/impactodenoticias.com.ar\/index.php?rest_route=%2Fwp%2Fv2%2Ftags&post=31929"}],"curies":[{"name":"wp","href":"https:\/\/api.w.org\/{rel}","templated":true}]}}