{"id":31941,"date":"2025-12-04T09:42:17","date_gmt":"2025-12-04T12:42:17","guid":{"rendered":"https:\/\/impactodenoticias.com.ar\/?p=31941"},"modified":"2025-12-05T10:14:12","modified_gmt":"2025-12-05T13:14:12","slug":"parana-la-municipalidad-realiza-tareas-de-reparacion-en-la-red-de-agua-potable-sobre-avenida-ramirez","status":"publish","type":"post","link":"https:\/\/impactodenoticias.com.ar\/?p=31941","title":{"rendered":"Paran\u00e1: la municipalidad realiza tareas de reparaci\u00f3n en la red de agua potable sobre avenida Ram\u00edrez"},"content":{"rendered":"\n<h2 class=\"wp-block-heading\">El personal municipal de Paran\u00e1 trabaja desde este jueves en la reparaci\u00f3n de una ca\u00f1er\u00eda distribuidora en avenida Ram\u00edrez, en el tramo entre calles Nogoy\u00e1 y Moreno.<\/h2>\n\n\n\n<p>Las tareas se realizar\u00e1 con reducci\u00f3n de calzada del tr\u00e1nsito vehicular en ese sector de avenida Francisco Ram\u00edrez, en el sentido de circulaci\u00f3n norte-sur, de ingreso a la ciudad.<\/p>\n\n\n\n<p>Debido a la ubicaci\u00f3n del conducto debajo de la trama vial y por el movimiento de maquinarias pesadas y operarios, se recomienda a los automovilistas extremar los cuidados al conducir por ese sector.<\/p>\n\n\n\n<p>No se estima, al menos inicialmente, que el abastecimiento de agua potable en esa \u00e1rea del casco c\u00e9ntrico sea afectado.<\/p>\n","protected":false},"excerpt":{"rendered":"<p>El personal municipal de Paran&aacute; trabaja desde este jueves en la reparaci&oacute;n de una ca&ntilde;er&iacute;a distribuidora en avenida Ram&iacute;rez, en el tramo entre calles Nogoy&aacute; y Moreno. Las tareas se realizar&aacute; con reducci&oacute;n de calzada del tr&aacute;nsito vehicular en ese sector de avenida Francisco Ram&iacute;rez, en el sentido de circulaci&oacute;n norte-sur, de ingreso a la [&hellip;]<\/p>\n","protected":false},"author":2,"featured_media":31942,"comment_status":"closed","ping_status":"closed","sticky":false,"template":"","format":"standard","meta":{"footnotes":""},"categories":[3,1902],"tags":[878,1140,868,95,1194,1383],"class_list":["post-31941","post","type-post","status-publish","format-standard","has-post-thumbnail","hentry","category-locales","category-municipales","tag-agua","tag-avenida-ramirez","tag-cano","tag-parana","tag-potable","tag-reparacion"],"_links":{"self":[{"href":"https:\/\/impactodenoticias.com.ar\/index.php?rest_route=\/wp\/v2\/posts\/31941","targetHints":{"allow":["GET"]}}],"collection":[{"href":"https:\/\/impactodenoticias.com.ar\/index.php?rest_route=\/wp\/v2\/posts"}],"about":[{"href":"https:\/\/impactodenoticias.com.ar\/index.php?rest_route=\/wp\/v2\/types\/post"}],"author":[{"embeddable":true,"href":"https:\/\/impactodenoticias.com.ar\/index.php?rest_route=\/wp\/v2\/users\/2"}],"replies":[{"embeddable":true,"href":"https:\/\/impactodenoticias.com.ar\/index.php?rest_route=%2Fwp%2Fv2%2Fcomments&post=31941"}],"version-history":[{"count":1,"href":"https:\/\/impactodenoticias.com.ar\/index.php?rest_route=\/wp\/v2\/posts\/31941\/revisions"}],"predecessor-version":[{"id":31943,"href":"https:\/\/impactodenoticias.com.ar\/index.php?rest_route=\/wp\/v2\/posts\/31941\/revisions\/31943"}],"wp:featuredmedia":[{"embeddable":true,"href":"https:\/\/impactodenoticias.com.ar\/index.php?rest_route=\/wp\/v2\/media\/31942"}],"wp:attachment":[{"href":"https:\/\/impactodenoticias.com.ar\/index.php?rest_route=%2Fwp%2Fv2%2Fmedia&parent=31941"}],"wp:term":[{"taxonomy":"category","embeddable":true,"href":"https:\/\/impactodenoticias.com.ar\/index.php?rest_route=%2Fwp%2Fv2%2Fcategories&post=31941"},{"taxonomy":"post_tag","embeddable":true,"href":"https:\/\/impactodenoticias.com.ar\/index.php?rest_route=%2Fwp%2Fv2%2Ftags&post=31941"}],"curies":[{"name":"wp","href":"https:\/\/api.w.org\/{rel}","templated":true}]}}