{"id":31968,"date":"2025-12-05T09:46:33","date_gmt":"2025-12-05T12:46:33","guid":{"rendered":"https:\/\/impactodenoticias.com.ar\/?p=31968"},"modified":"2025-12-06T10:54:34","modified_gmt":"2025-12-06T13:54:34","slug":"parana-uta-lleva-adelante-una-asamblea-en-la-previa-del-cambio-de-concesion","status":"publish","type":"post","link":"https:\/\/impactodenoticias.com.ar\/?p=31968","title":{"rendered":"Paran\u00e1: UTA lleva adelante una asamblea, en la previa del cambio de concesi\u00f3n"},"content":{"rendered":"\n<h2 class=\"wp-block-heading\">La Uni\u00f3n Tranviarios Automotor -UTA- Seccional Entre R\u00edos llevan adelante una asamblea este viernes en Paran\u00e1, entre las 10 y las 14 en el camping del gremio -Tilibetti y Mihura-. Debaten \u201clos pasos a seguir\u201d antes de que San Jos\u00e9, la nueva empresa que tendr\u00e1 a su cargo la concesi\u00f3n del servicio, comience a operar en la ciudad el domingo 7.<\/h2>\n\n\n\n<p>La nueva concesionaria saldr\u00e1 a la calle el domingo con 70 nuevas unidades y el sindicato viene pujando para que \u201cabsorba\u201d el personal de Buses Paran\u00e1 con antig\u00fcedad, algo que ya ha sido rechazado en varias ocasiones.<\/p>\n\n\n\n<p>Desde el gremio afirman que la asamblea no afectar\u00e1 el servicio, ya que los choferes fueron convocados a contra turno de sus horarios laborales, por lo cual estiman que seguir\u00e1n circulando los colectivos entre las 10 y las 14.<\/p>\n\n\n\n<p>Los trabajadores ir\u00e1n al camping del gremio para saber c\u00f3mo continuar, en medio de la incertidumbre por su futuro laboral. Desde Buses Paran\u00e1 ya han aclarado que no tienen intenci\u00f3n de pagar indemnizaciones, porque adem\u00e1s consideran que existe una \u201ccontinuidad\u201d y por ende los choferes deben pasar de una empresa a la otra en forma directa.<\/p>\n\n\n\n<p>San Jos\u00e9 ya tiene alrededor de 100 conductores definidos, con carnet habilitante y en condiciones de salir a la calle. As\u00ed lo indicaron tras la reuni\u00f3n en la Secretar\u00eda de Trabajo, donde nuevamente se aclar\u00f3 taxativamente que los empleados que se tomen entrar\u00e1n con cero antig\u00fcedad. Mientras tanto contin\u00faan recibiendo curr\u00edculums y esperan incorporar unos 30 m\u00e1s en los pr\u00f3ximos d\u00edas.<\/p>\n","protected":false},"excerpt":{"rendered":"<p>La Uni&oacute;n Tranviarios Automotor -UTA- Seccional Entre R&iacute;os llevan adelante una asamblea este viernes en Paran&aacute;, entre las 10 y las 14 en el camping del gremio -Tilibetti y Mihura-. Debaten &ldquo;los pasos a seguir&rdquo; antes de que San Jos&eacute;, la nueva empresa que tendr&aacute; a su cargo la concesi&oacute;n del servicio, comience a operar [&hellip;]<\/p>\n","protected":false},"author":2,"featured_media":31969,"comment_status":"closed","ping_status":"closed","sticky":false,"template":"","format":"standard","meta":{"footnotes":""},"categories":[91,3,1902,11],"tags":[2326,390,365],"class_list":["post-31968","post","type-post","status-publish","format-standard","has-post-thumbnail","hentry","category-gremiales","category-locales","category-municipales","category-politica","tag-asamblea","tag-san-jose","tag-uta"],"_links":{"self":[{"href":"https:\/\/impactodenoticias.com.ar\/index.php?rest_route=\/wp\/v2\/posts\/31968","targetHints":{"allow":["GET"]}}],"collection":[{"href":"https:\/\/impactodenoticias.com.ar\/index.php?rest_route=\/wp\/v2\/posts"}],"about":[{"href":"https:\/\/impactodenoticias.com.ar\/index.php?rest_route=\/wp\/v2\/types\/post"}],"author":[{"embeddable":true,"href":"https:\/\/impactodenoticias.com.ar\/index.php?rest_route=\/wp\/v2\/users\/2"}],"replies":[{"embeddable":true,"href":"https:\/\/impactodenoticias.com.ar\/index.php?rest_route=%2Fwp%2Fv2%2Fcomments&post=31968"}],"version-history":[{"count":1,"href":"https:\/\/impactodenoticias.com.ar\/index.php?rest_route=\/wp\/v2\/posts\/31968\/revisions"}],"predecessor-version":[{"id":31970,"href":"https:\/\/impactodenoticias.com.ar\/index.php?rest_route=\/wp\/v2\/posts\/31968\/revisions\/31970"}],"wp:featuredmedia":[{"embeddable":true,"href":"https:\/\/impactodenoticias.com.ar\/index.php?rest_route=\/wp\/v2\/media\/31969"}],"wp:attachment":[{"href":"https:\/\/impactodenoticias.com.ar\/index.php?rest_route=%2Fwp%2Fv2%2Fmedia&parent=31968"}],"wp:term":[{"taxonomy":"category","embeddable":true,"href":"https:\/\/impactodenoticias.com.ar\/index.php?rest_route=%2Fwp%2Fv2%2Fcategories&post=31968"},{"taxonomy":"post_tag","embeddable":true,"href":"https:\/\/impactodenoticias.com.ar\/index.php?rest_route=%2Fwp%2Fv2%2Ftags&post=31968"}],"curies":[{"name":"wp","href":"https:\/\/api.w.org\/{rel}","templated":true}]}}