{"id":31992,"date":"2025-12-05T18:35:03","date_gmt":"2025-12-05T21:35:03","guid":{"rendered":"https:\/\/impactodenoticias.com.ar\/?p=31992"},"modified":"2025-12-06T10:54:10","modified_gmt":"2025-12-06T13:54:10","slug":"entre-rios-la-justicia-obligo-a-vacunar-a-un-recien-nacido-ante-la-negativa-de-sus-progenitores","status":"publish","type":"post","link":"https:\/\/impactodenoticias.com.ar\/?p=31992","title":{"rendered":"Entre R\u00edos: la Justicia oblig\u00f3 a vacunar a un reci\u00e9n nacido ante la negativa de sus progenitores"},"content":{"rendered":"\n<h2 class=\"wp-block-heading\">La Justicia entrerriana oblig\u00f3 a vacunar a un reci\u00e9n nacido ante la negativa de sus padres. El Ministerio P\u00fablico de la Defensa (MPD) de Entre R\u00edos, por medio de sus defensor\u00edas, interviene en el marco de sus facultades para procurar que se garantice la vacunaci\u00f3n de ni\u00f1os con el objetivo de prevenir enfermedades.<\/h2>\n\n\n\n<p>De acuerdo a la informaci\u00f3n oficial, se han conseguido medidas judiciales que hacen efectivo este derecho de las personas menores de edad \u2013en funci\u00f3n del inter\u00e9s superior del ni\u00f1o\u2013 a la vez que contribuyen a la protecci\u00f3n de la salud de la poblaci\u00f3n en general.<\/p>\n\n\n\n<p>La actuaci\u00f3n del MPD se da luego de efectuarse los pasos previstos por la normativa vigente, es decir, la comunicaci\u00f3n del incumplimiento de la obligaci\u00f3n de vacunaci\u00f3n por parte establecimientos educativos y de salud, p\u00fablicos o privados, a la autoridad administrativa de protecci\u00f3n de derechos, en este caso el Consejo Provincial del Ni\u00f1o, el Adolescente y la Familia (Copnaf). Este organismo, a su vez, si resultan infructuosas las estrategias desplegadas en consonancia con sus funciones, debe informar a la Defensor\u00eda.<\/p>\n\n\n\n<p>Estas intervenciones se fundamentan en el inter\u00e9s superior del ni\u00f1o, principio consagrado en la Convenci\u00f3n sobre los Derechos del Ni\u00f1o y con jerarqu\u00eda constitucional, el cual debe primar sobre las convicciones personales de los adultos. En ese mismo sentido, la salud es uno de los derechos fundamentales que deben ser resguardados de acuerdo con la Ley N\u00ba 26.061 de Protecci\u00f3n Integral de los Derechos de las Ni\u00f1as, Ni\u00f1os y Adolescentes.<\/p>\n","protected":false},"excerpt":{"rendered":"<p>La Justicia entrerriana oblig&oacute; a vacunar a un reci&eacute;n nacido ante la negativa de sus padres. El Ministerio P&uacute;blico de la Defensa (MPD) de Entre R&iacute;os, por medio de sus defensor&iacute;as, interviene en el marco de sus facultades para procurar que se garantice la vacunaci&oacute;n de ni&ntilde;os con el objetivo de prevenir enfermedades. De acuerdo [&hellip;]<\/p>\n","protected":false},"author":2,"featured_media":31993,"comment_status":"closed","ping_status":"closed","sticky":false,"template":"","format":"standard","meta":{"footnotes":""},"categories":[90,4,49],"tags":[33,107,503,6379,2370],"class_list":["post-31992","post","type-post","status-publish","format-standard","has-post-thumbnail","hentry","category-judicial","category-provinciales","category-sociedad","tag-entre-rios","tag-justicia","tag-nino","tag-obligacion","tag-vacunacion"],"_links":{"self":[{"href":"https:\/\/impactodenoticias.com.ar\/index.php?rest_route=\/wp\/v2\/posts\/31992","targetHints":{"allow":["GET"]}}],"collection":[{"href":"https:\/\/impactodenoticias.com.ar\/index.php?rest_route=\/wp\/v2\/posts"}],"about":[{"href":"https:\/\/impactodenoticias.com.ar\/index.php?rest_route=\/wp\/v2\/types\/post"}],"author":[{"embeddable":true,"href":"https:\/\/impactodenoticias.com.ar\/index.php?rest_route=\/wp\/v2\/users\/2"}],"replies":[{"embeddable":true,"href":"https:\/\/impactodenoticias.com.ar\/index.php?rest_route=%2Fwp%2Fv2%2Fcomments&post=31992"}],"version-history":[{"count":1,"href":"https:\/\/impactodenoticias.com.ar\/index.php?rest_route=\/wp\/v2\/posts\/31992\/revisions"}],"predecessor-version":[{"id":31994,"href":"https:\/\/impactodenoticias.com.ar\/index.php?rest_route=\/wp\/v2\/posts\/31992\/revisions\/31994"}],"wp:featuredmedia":[{"embeddable":true,"href":"https:\/\/impactodenoticias.com.ar\/index.php?rest_route=\/wp\/v2\/media\/31993"}],"wp:attachment":[{"href":"https:\/\/impactodenoticias.com.ar\/index.php?rest_route=%2Fwp%2Fv2%2Fmedia&parent=31992"}],"wp:term":[{"taxonomy":"category","embeddable":true,"href":"https:\/\/impactodenoticias.com.ar\/index.php?rest_route=%2Fwp%2Fv2%2Fcategories&post=31992"},{"taxonomy":"post_tag","embeddable":true,"href":"https:\/\/impactodenoticias.com.ar\/index.php?rest_route=%2Fwp%2Fv2%2Ftags&post=31992"}],"curies":[{"name":"wp","href":"https:\/\/api.w.org\/{rel}","templated":true}]}}