{"id":31997,"date":"2025-12-06T10:36:11","date_gmt":"2025-12-06T13:36:11","guid":{"rendered":"https:\/\/impactodenoticias.com.ar\/?p=31997"},"modified":"2025-12-06T10:36:12","modified_gmt":"2025-12-06T13:36:12","slug":"santa-anita-prision-preventiva-para-un-sujeto-que-torturo-y-ahorco-a-un-perro","status":"publish","type":"post","link":"https:\/\/impactodenoticias.com.ar\/?p=31997","title":{"rendered":"Santa Anita: prisi\u00f3n preventiva para un sujeto que tortur\u00f3 y ahorc\u00f3 a un perro"},"content":{"rendered":"\n<h2 class=\"wp-block-heading\">Un brutal caso de maltrato animal fue denunciado el mi\u00e9rcoles en la localidad de Santa Anita, que termin\u00f3 con la detenci\u00f3n de un sujeto de 56 a\u00f1os. El personal policial fue solicitado al domicilio luego de recibir un llamado y, al arribar al lugar, se entrevistaron con el propietario, quien admiti\u00f3 haber golpeado al animal y permiti\u00f3 el ingreso de los efectivos al patio.<\/h2>\n\n\n\n<p>En el galp\u00f3n de la vivienda, la Polic\u00eda de Entre R\u00edos se vio sorprendida por el lamentable hallazgo, un perro sin vida, que se encontraba colgado de una soga.<\/p>\n\n\n\n<p>Tras el hallazgo, se conoci\u00f3 que la Justicia de Concepci\u00f3n del Uruguay dispuso este viernes la prisi\u00f3n preventiva del acusado de \u201cCrueldad animal\u201d, fallo que es in\u00e9dito en la provincia de Entre R\u00edos.<\/p>\n\n\n\n<p>Seg\u00fan se inform\u00f3 la causa est\u00e1 en manos del fiscal Auxiliar Juan Pablo Mariano Gile, quien en audiencia brind\u00f3 detalles del lamentable hecho, precisando que al llegar el personal policial constat\u00f3 la existencia del perro de aproximadamente seis a\u00f1os de vida, tama\u00f1o mediano, pelaje negro colgando de una soga en el galp\u00f3n sujeta a un tirante del techo y bajada por una polea hacia la caja de una camioneta marca Ford, sujetando el otro extremo de la soga a ganchos de la caja del veh\u00edculo, a fin de asegurar la fuerza necesaria para matar al animal, causando su muerte cruelmente por el solo esp\u00edritu de perversidad, por asfixia mediante traumatismo a nivel del cuello por compresi\u00f3n con !a soga. El hecho configura una infracci\u00f3n a la Ley N. 14.346 de Maltrato y crueldad Animal art. 3 inc. 7\u2033.<\/p>\n\n\n\n<p>En la audiencia realizada el viernes ante la jueza de Garant\u00edas N\u00ba 1, Alejandrina Herrero, luego de los alegatos se dispuso que el acusado deba permanecer detenido bajo prisi\u00f3n preventiva por 30 d\u00edas, mientras se desarrolla la investigaci\u00f3n.<\/p>\n\n\n\n<p>La medida ejemplificadora sirve para dejar un precedente para quienes cometen actos de crueldad extrema con animales.<\/p>\n","protected":false},"excerpt":{"rendered":"<p>Un brutal caso de maltrato animal fue denunciado el mi&eacute;rcoles en la localidad de Santa Anita, que termin&oacute; con la detenci&oacute;n de un sujeto de 56 a&ntilde;os. El personal policial fue solicitado al domicilio luego de recibir un llamado y, al arribar al lugar, se entrevistaron con el propietario, quien admiti&oacute; haber golpeado al animal [&hellip;]<\/p>\n","protected":false},"author":2,"featured_media":31998,"comment_status":"closed","ping_status":"closed","sticky":false,"template":"","format":"standard","meta":{"footnotes":""},"categories":[8,4],"tags":[33,146,369,456,2467,957,4912],"class_list":["post-31997","post","type-post","status-publish","format-standard","has-post-thumbnail","hentry","category-policiales","category-provinciales","tag-entre-rios","tag-hombre","tag-muerte","tag-perro","tag-preventiva","tag-prision","tag-santa-anita"],"_links":{"self":[{"href":"https:\/\/impactodenoticias.com.ar\/index.php?rest_route=\/wp\/v2\/posts\/31997","targetHints":{"allow":["GET"]}}],"collection":[{"href":"https:\/\/impactodenoticias.com.ar\/index.php?rest_route=\/wp\/v2\/posts"}],"about":[{"href":"https:\/\/impactodenoticias.com.ar\/index.php?rest_route=\/wp\/v2\/types\/post"}],"author":[{"embeddable":true,"href":"https:\/\/impactodenoticias.com.ar\/index.php?rest_route=\/wp\/v2\/users\/2"}],"replies":[{"embeddable":true,"href":"https:\/\/impactodenoticias.com.ar\/index.php?rest_route=%2Fwp%2Fv2%2Fcomments&post=31997"}],"version-history":[{"count":1,"href":"https:\/\/impactodenoticias.com.ar\/index.php?rest_route=\/wp\/v2\/posts\/31997\/revisions"}],"predecessor-version":[{"id":31999,"href":"https:\/\/impactodenoticias.com.ar\/index.php?rest_route=\/wp\/v2\/posts\/31997\/revisions\/31999"}],"wp:featuredmedia":[{"embeddable":true,"href":"https:\/\/impactodenoticias.com.ar\/index.php?rest_route=\/wp\/v2\/media\/31998"}],"wp:attachment":[{"href":"https:\/\/impactodenoticias.com.ar\/index.php?rest_route=%2Fwp%2Fv2%2Fmedia&parent=31997"}],"wp:term":[{"taxonomy":"category","embeddable":true,"href":"https:\/\/impactodenoticias.com.ar\/index.php?rest_route=%2Fwp%2Fv2%2Fcategories&post=31997"},{"taxonomy":"post_tag","embeddable":true,"href":"https:\/\/impactodenoticias.com.ar\/index.php?rest_route=%2Fwp%2Fv2%2Ftags&post=31997"}],"curies":[{"name":"wp","href":"https:\/\/api.w.org\/{rel}","templated":true}]}}