{"id":32028,"date":"2025-12-08T09:44:07","date_gmt":"2025-12-08T12:44:07","guid":{"rendered":"https:\/\/impactodenoticias.com.ar\/?p=32028"},"modified":"2025-12-08T09:44:08","modified_gmt":"2025-12-08T12:44:08","slug":"concepcion-del-uruguay-detuvieron-a-una-mujer-fue-por-atacar-a-golpes-a-una-vecina-y-a-un-menor","status":"publish","type":"post","link":"https:\/\/impactodenoticias.com.ar\/?p=32028","title":{"rendered":"Concepci\u00f3n del Uruguay: detuvieron a una mujer fue por atacar a golpes a una vecina y a un menor"},"content":{"rendered":"\n<h2 class=\"wp-block-heading\">Alrededor de las 20, en la intersecci\u00f3n de calles Lucilo L\u00f3pez y 22 del Oeste, en Concepci\u00f3n del Uruguay, personal policial intervino en un conflicto vecinal y familiar, lo que deriv\u00f3 con el arresto de una mujer de 30 a\u00f1os por agresiones f\u00edsicas.<\/h2>\n\n\n\n<p>Seg\u00fan se inform\u00f3 a <strong>IMPACTO DE NOTICIAS<\/strong>, la polic\u00eda fue comisionada al lugar por una pelea que involucraba a los mismos vecinos que ya hab\u00edan requerido intervenci\u00f3n policial en horas del mediod\u00eda.<\/p>\n\n\n\n<p>Al arribar al lugar, los efectivos encontraron a dos mujeres agrediendo f\u00edsicamente a una vecina de 33 a\u00f1os, y una de 30 a\u00f1os, quien insist\u00eda con el ataque.<\/p>\n\n\n\n<p>La v\u00edctima, de 33 a\u00f1os, expres\u00f3 que no es la primera vez que sufre violencia por parte de estas personas. El hecho fue presenciado por sus hijos.<\/p>\n\n\n\n<p>Tanto la mujer de 33 a\u00f1os como uno de sus hijos (un menor de edad) presentaban lesiones leves y fueron trasladados a la Comisar\u00eda de Minoridad para su resguardo y contenci\u00f3n.<\/p>\n\n\n\n<p>El Fiscal Auxiliar, Juan Pablo Giles, orden\u00f3 la detenci\u00f3n de la mujer de 30 a\u00f1os que continu\u00f3 en la agresi\u00f3n, por el delito de Lesiones en Flagrancia y alojada en la Comisar\u00eda de Minoridad.<\/p>\n","protected":false},"excerpt":{"rendered":"<p>Alrededor de las 20, en la intersecci&oacute;n de calles Lucilo L&oacute;pez y 22 del Oeste, en Concepci&oacute;n del Uruguay, personal policial intervino en un conflicto vecinal y familiar, lo que deriv&oacute; con el arresto de una mujer de 30 a&ntilde;os por agresiones f&iacute;sicas. Seg&uacute;n se inform&oacute; a IMPACTO DE NOTICIAS, la polic&iacute;a fue comisionada al [&hellip;]<\/p>\n","protected":false},"author":2,"featured_media":32029,"comment_status":"closed","ping_status":"closed","sticky":false,"template":"","format":"standard","meta":{"footnotes":""},"categories":[8,4],"tags":[1785,324,1663,182],"class_list":["post-32028","post","type-post","status-publish","format-standard","has-post-thumbnail","hentry","category-policiales","category-provinciales","tag-agresion","tag-concepcion-del-uruguay","tag-detenida","tag-mujer"],"_links":{"self":[{"href":"https:\/\/impactodenoticias.com.ar\/index.php?rest_route=\/wp\/v2\/posts\/32028","targetHints":{"allow":["GET"]}}],"collection":[{"href":"https:\/\/impactodenoticias.com.ar\/index.php?rest_route=\/wp\/v2\/posts"}],"about":[{"href":"https:\/\/impactodenoticias.com.ar\/index.php?rest_route=\/wp\/v2\/types\/post"}],"author":[{"embeddable":true,"href":"https:\/\/impactodenoticias.com.ar\/index.php?rest_route=\/wp\/v2\/users\/2"}],"replies":[{"embeddable":true,"href":"https:\/\/impactodenoticias.com.ar\/index.php?rest_route=%2Fwp%2Fv2%2Fcomments&post=32028"}],"version-history":[{"count":1,"href":"https:\/\/impactodenoticias.com.ar\/index.php?rest_route=\/wp\/v2\/posts\/32028\/revisions"}],"predecessor-version":[{"id":32030,"href":"https:\/\/impactodenoticias.com.ar\/index.php?rest_route=\/wp\/v2\/posts\/32028\/revisions\/32030"}],"wp:featuredmedia":[{"embeddable":true,"href":"https:\/\/impactodenoticias.com.ar\/index.php?rest_route=\/wp\/v2\/media\/32029"}],"wp:attachment":[{"href":"https:\/\/impactodenoticias.com.ar\/index.php?rest_route=%2Fwp%2Fv2%2Fmedia&parent=32028"}],"wp:term":[{"taxonomy":"category","embeddable":true,"href":"https:\/\/impactodenoticias.com.ar\/index.php?rest_route=%2Fwp%2Fv2%2Fcategories&post=32028"},{"taxonomy":"post_tag","embeddable":true,"href":"https:\/\/impactodenoticias.com.ar\/index.php?rest_route=%2Fwp%2Fv2%2Ftags&post=32028"}],"curies":[{"name":"wp","href":"https:\/\/api.w.org\/{rel}","templated":true}]}}