{"id":32031,"date":"2025-12-08T09:49:29","date_gmt":"2025-12-08T12:49:29","guid":{"rendered":"https:\/\/impactodenoticias.com.ar\/?p=32031"},"modified":"2025-12-08T09:49:30","modified_gmt":"2025-12-08T12:49:30","slug":"motoquero-choco-y-afecto-a-un-automovil-estacionado-mientras-hacia-willy-en-las-calles-de-concepcion-del-uruguay","status":"publish","type":"post","link":"https:\/\/impactodenoticias.com.ar\/?p=32031","title":{"rendered":"Motoquero choc\u00f3 y afect\u00f3 a un autom\u00f3vil estacionado mientras hac\u00eda \u201cwilly\u201d en las calles de Concepci\u00f3n del Uruguay"},"content":{"rendered":"\n<h2 class=\"wp-block-heading\">El accidente de tr\u00e1nsito ocurri\u00f3 en horas de la madrugada de este domingo frente al Monumento a la Rep\u00fablica Argentina, cuando un motociclista perdi\u00f3 el control de su rodado al realizar la maniobra ilegal conocida como \u201cwilly\u201d.<\/h2>\n\n\n\n<p>Seg\u00fan se inform\u00f3 a <strong>IMPACTO DE NOTICIAS<\/strong>, el accidente vial se registr\u00f3 alrededor de las 4:15, cuando el joven de 21 a\u00f1os, acompa\u00f1ado por una adolescente de 17, circulaba en una motocicleta Honda GLH color rojo. En plena maniobra, impact\u00f3 violentamente contra el lateral de un Toyota Corolla estacionado, propiedad de un hombre de 24 a\u00f1os.<\/p>\n\n\n\n<p>La Polic\u00edase hizo presente en el lugar y notific\u00f3 a la Fiscal\u00eda Auxiliar, a cargo de Juan Pablo Giles, quien dispuso la intervenci\u00f3n de la Divisi\u00f3n Polic\u00eda Cient\u00edfica. Se orden\u00f3 adem\u00e1s el secuestro de la motocicleta por infracci\u00f3n al Art\u00edculo 193 bis del C\u00f3digo Penal Argentino, que sanciona la conducci\u00f3n riesgosa, y la correcta identificaci\u00f3n del conductor.<\/p>\n\n\n\n<p>Las autoridades se\u00f1alaron que se trabaja de manera rigurosa en la aplicaci\u00f3n de esta normativa, con el objetivo de desalentar pr\u00e1cticas temerarias que ponen en riesgo tanto la integridad f\u00edsica de los involucrados como la propiedad de terceros.<\/p>\n\n\n\n<p>Se inform\u00f3 adem\u00e1s que no se registraron lesiones de gravedad en los ocupantes de la moto ni terceras personas.<\/p>\n","protected":false},"excerpt":{"rendered":"<p>El accidente de tr&aacute;nsito ocurri&oacute; en horas de la madrugada de este domingo frente al Monumento a la Rep&uacute;blica Argentina, cuando un motociclista perdi&oacute; el control de su rodado al realizar la maniobra ilegal conocida como &ldquo;willy&rdquo;. Seg&uacute;n se inform&oacute; a IMPACTO DE NOTICIAS, el accidente vial se registr&oacute; alrededor de las 4:15, cuando el [&hellip;]<\/p>\n","protected":false},"author":2,"featured_media":32032,"comment_status":"closed","ping_status":"closed","sticky":false,"template":"","format":"standard","meta":{"footnotes":""},"categories":[8,4],"tags":[507,652,324,6007,6384],"class_list":["post-32031","post","type-post","status-publish","format-standard","has-post-thumbnail","hentry","category-policiales","category-provinciales","tag-auto","tag-choque","tag-concepcion-del-uruguay","tag-motoquero","tag-willy"],"_links":{"self":[{"href":"https:\/\/impactodenoticias.com.ar\/index.php?rest_route=\/wp\/v2\/posts\/32031","targetHints":{"allow":["GET"]}}],"collection":[{"href":"https:\/\/impactodenoticias.com.ar\/index.php?rest_route=\/wp\/v2\/posts"}],"about":[{"href":"https:\/\/impactodenoticias.com.ar\/index.php?rest_route=\/wp\/v2\/types\/post"}],"author":[{"embeddable":true,"href":"https:\/\/impactodenoticias.com.ar\/index.php?rest_route=\/wp\/v2\/users\/2"}],"replies":[{"embeddable":true,"href":"https:\/\/impactodenoticias.com.ar\/index.php?rest_route=%2Fwp%2Fv2%2Fcomments&post=32031"}],"version-history":[{"count":1,"href":"https:\/\/impactodenoticias.com.ar\/index.php?rest_route=\/wp\/v2\/posts\/32031\/revisions"}],"predecessor-version":[{"id":32033,"href":"https:\/\/impactodenoticias.com.ar\/index.php?rest_route=\/wp\/v2\/posts\/32031\/revisions\/32033"}],"wp:featuredmedia":[{"embeddable":true,"href":"https:\/\/impactodenoticias.com.ar\/index.php?rest_route=\/wp\/v2\/media\/32032"}],"wp:attachment":[{"href":"https:\/\/impactodenoticias.com.ar\/index.php?rest_route=%2Fwp%2Fv2%2Fmedia&parent=32031"}],"wp:term":[{"taxonomy":"category","embeddable":true,"href":"https:\/\/impactodenoticias.com.ar\/index.php?rest_route=%2Fwp%2Fv2%2Fcategories&post=32031"},{"taxonomy":"post_tag","embeddable":true,"href":"https:\/\/impactodenoticias.com.ar\/index.php?rest_route=%2Fwp%2Fv2%2Ftags&post=32031"}],"curies":[{"name":"wp","href":"https:\/\/api.w.org\/{rel}","templated":true}]}}