{"id":32034,"date":"2025-12-08T09:54:09","date_gmt":"2025-12-08T12:54:09","guid":{"rendered":"https:\/\/impactodenoticias.com.ar\/?p=32034"},"modified":"2025-12-09T09:35:32","modified_gmt":"2025-12-09T12:35:32","slug":"segunda-base-de-fuerza-aerea-ubicada-en-av-jorge-newbery-3820-en-parana","status":"publish","type":"post","link":"https:\/\/impactodenoticias.com.ar\/?p=32034","title":{"rendered":"Segunda Base de Fuerza A\u00e9rea, ubicada en Av. Jorge Newbery 3820 en Paran\u00e1"},"content":{"rendered":"\n<h2 class=\"wp-block-heading\">Un presunto asalto sucedido en el interior de la Segunda Base de Fuerza A\u00e9rea, ubicada en Av. Jorge Newbery 3820 en Paran\u00e1 es investigado por la Polic\u00eda Federal.<\/h2>\n\n\n\n<p>De acuerdo a las primeras informaciones, la soldado voluntaria habr\u00eda denunciado que mientras se dirig\u00eda al ba\u00f1o fue sorprendida por dos personas encapuchadas.<\/p>\n\n\n\n<p>Estos sujetos le habr\u00edan propinado un golpe en el rostro, le habr\u00edan tapado la boca y posteriormente le habr\u00edan sustra\u00eddo su correaje, el cual conten\u00eda dos almacenes cargadores con diez cartuchos cada uno, adem\u00e1s de un arma de fuego calibre 9 mm, marca Browning FM, con un cargador adicional con diez cartuchos m\u00e1s colocados.<\/p>\n\n\n\n<p>Seg\u00fan el testimonio de la soldado, los agresores se habr\u00edan retirado a pie hacia calle Salellas, donde finalmente los habr\u00eda perdido de vista.<\/p>\n\n\n\n<p>El encargado de la brigada habr\u00eda dado intervenci\u00f3n telef\u00f3nica a personal de la Polic\u00eda Federal, quienes se habr\u00edan hecho cargo de las actuaciones por tratarse de jurisdicci\u00f3n nacional.<\/p>\n\n\n\n<p>Fuentes federales, \u00fanicamente confirmaron el hecho e indicaron que est\u00e1n abocados a la investigaci\u00f3n del grave hecho. Adem\u00e1s se reforz\u00f3 la seguridad en la zona.<\/p>\n\n\n\n<p>La Comisar\u00eda 15\u00aa habr\u00eda intervenido en el lugar, aunque hasta el momento no hay personas detenidas en relaci\u00f3n con el hecho.<\/p>\n","protected":false},"excerpt":{"rendered":"<p>Un presunto asalto sucedido en el interior de la Segunda Base de Fuerza A&eacute;rea, ubicada en Av. Jorge Newbery 3820 en Paran&aacute; es investigado por la Polic&iacute;a Federal. De acuerdo a las primeras informaciones, la soldado voluntaria habr&iacute;a denunciado que mientras se dirig&iacute;a al ba&ntilde;o fue sorprendida por dos personas encapuchadas. Estos sujetos le habr&iacute;an [&hellip;]<\/p>\n","protected":false},"author":2,"featured_media":32035,"comment_status":"closed","ping_status":"closed","sticky":false,"template":"","format":"standard","meta":{"footnotes":""},"categories":[3,8],"tags":[1144,6385,95],"class_list":["post-32034","post","type-post","status-publish","format-standard","has-post-thumbnail","hentry","category-locales","category-policiales","tag-asalto","tag-brigada-aerea","tag-parana"],"_links":{"self":[{"href":"https:\/\/impactodenoticias.com.ar\/index.php?rest_route=\/wp\/v2\/posts\/32034","targetHints":{"allow":["GET"]}}],"collection":[{"href":"https:\/\/impactodenoticias.com.ar\/index.php?rest_route=\/wp\/v2\/posts"}],"about":[{"href":"https:\/\/impactodenoticias.com.ar\/index.php?rest_route=\/wp\/v2\/types\/post"}],"author":[{"embeddable":true,"href":"https:\/\/impactodenoticias.com.ar\/index.php?rest_route=\/wp\/v2\/users\/2"}],"replies":[{"embeddable":true,"href":"https:\/\/impactodenoticias.com.ar\/index.php?rest_route=%2Fwp%2Fv2%2Fcomments&post=32034"}],"version-history":[{"count":1,"href":"https:\/\/impactodenoticias.com.ar\/index.php?rest_route=\/wp\/v2\/posts\/32034\/revisions"}],"predecessor-version":[{"id":32036,"href":"https:\/\/impactodenoticias.com.ar\/index.php?rest_route=\/wp\/v2\/posts\/32034\/revisions\/32036"}],"wp:featuredmedia":[{"embeddable":true,"href":"https:\/\/impactodenoticias.com.ar\/index.php?rest_route=\/wp\/v2\/media\/32035"}],"wp:attachment":[{"href":"https:\/\/impactodenoticias.com.ar\/index.php?rest_route=%2Fwp%2Fv2%2Fmedia&parent=32034"}],"wp:term":[{"taxonomy":"category","embeddable":true,"href":"https:\/\/impactodenoticias.com.ar\/index.php?rest_route=%2Fwp%2Fv2%2Fcategories&post=32034"},{"taxonomy":"post_tag","embeddable":true,"href":"https:\/\/impactodenoticias.com.ar\/index.php?rest_route=%2Fwp%2Fv2%2Ftags&post=32034"}],"curies":[{"name":"wp","href":"https:\/\/api.w.org\/{rel}","templated":true}]}}