{"id":32037,"date":"2025-12-08T10:32:30","date_gmt":"2025-12-08T13:32:30","guid":{"rendered":"https:\/\/impactodenoticias.com.ar\/?p=32037"},"modified":"2025-12-08T10:32:30","modified_gmt":"2025-12-08T13:32:30","slug":"ruta-32-murieron-dos-personas-tras-protagonizar-un-impactante-choque-entre-una-camioneta-y-una-moto","status":"publish","type":"post","link":"https:\/\/impactodenoticias.com.ar\/?p=32037","title":{"rendered":"Ruta 32: murieron dos personas tras protagonizar un impactante choque entre una camioneta y una moto"},"content":{"rendered":"\n<h2 class=\"wp-block-heading\">Un fatal siniestro vial se registr\u00f3 este domingo en la Ruta Provincial 32, en el tramo que conecta las localidades de Segu\u00ed y Viale, donde una camioneta y una motocicleta protagonizaron un violento choque. Las personas fallecidas fueron identificadas.<\/h2>\n\n\n\n<p>De acuerdo a las primeras informaciones enviadas a <strong>IMPACTO DE NOTICIAS<\/strong>, el choque dej\u00f3 como saldo dos personas fallecidas en el lugar. Las v\u00edctimas fueron identificadas como Juan M\u00fcller, de 19 a\u00f1os, y Sasha Grandoli, de 18.<\/p>\n\n\n\n<p>En la zona trabaj\u00f3 personal de la Polic\u00eda de Entre R\u00edos, menteniendo el tr\u00e1nsito realizando las pericias correspondientes para determinar las causas del siniestro.<\/p>\n\n\n\n<p>Seg\u00fan la informaci\u00f3n brindada por Puerto-FM Segu\u00ed desde el lugar de los hechos, los veh\u00edculos transitaban en el sentido Viale-Segu\u00ed, y por causas no establecidas una camioneta colision\u00f3 la moto que transitaba en la misma direcci\u00f3n.<\/p>\n\n\n\n<p>Desde la Polic\u00eda se inform\u00f3 que los dos ocupantes de la moto, un joven y una muchacha, que eran oriundos de la ciudad de Crespo perdieron la vida en el lugar.<\/p>\n","protected":false},"excerpt":{"rendered":"<p>Un fatal siniestro vial se registr&oacute; este domingo en la Ruta Provincial 32, en el tramo que conecta las localidades de Segu&iacute; y Viale, donde una camioneta y una motocicleta protagonizaron un violento choque. Las personas fallecidas fueron identificadas. De acuerdo a las primeras informaciones enviadas a IMPACTO DE NOTICIAS, el choque dej&oacute; como saldo [&hellip;]<\/p>\n","protected":false},"author":2,"featured_media":32038,"comment_status":"closed","ping_status":"closed","sticky":false,"template":"","format":"standard","meta":{"footnotes":""},"categories":[8,4],"tags":[120,119,1943,1477,189],"class_list":["post-32037","post","type-post","status-publish","format-standard","has-post-thumbnail","hentry","category-policiales","category-provinciales","tag-accidente","tag-fatal","tag-muertos","tag-ruta-32","tag-vial"],"_links":{"self":[{"href":"https:\/\/impactodenoticias.com.ar\/index.php?rest_route=\/wp\/v2\/posts\/32037","targetHints":{"allow":["GET"]}}],"collection":[{"href":"https:\/\/impactodenoticias.com.ar\/index.php?rest_route=\/wp\/v2\/posts"}],"about":[{"href":"https:\/\/impactodenoticias.com.ar\/index.php?rest_route=\/wp\/v2\/types\/post"}],"author":[{"embeddable":true,"href":"https:\/\/impactodenoticias.com.ar\/index.php?rest_route=\/wp\/v2\/users\/2"}],"replies":[{"embeddable":true,"href":"https:\/\/impactodenoticias.com.ar\/index.php?rest_route=%2Fwp%2Fv2%2Fcomments&post=32037"}],"version-history":[{"count":1,"href":"https:\/\/impactodenoticias.com.ar\/index.php?rest_route=\/wp\/v2\/posts\/32037\/revisions"}],"predecessor-version":[{"id":32039,"href":"https:\/\/impactodenoticias.com.ar\/index.php?rest_route=\/wp\/v2\/posts\/32037\/revisions\/32039"}],"wp:featuredmedia":[{"embeddable":true,"href":"https:\/\/impactodenoticias.com.ar\/index.php?rest_route=\/wp\/v2\/media\/32038"}],"wp:attachment":[{"href":"https:\/\/impactodenoticias.com.ar\/index.php?rest_route=%2Fwp%2Fv2%2Fmedia&parent=32037"}],"wp:term":[{"taxonomy":"category","embeddable":true,"href":"https:\/\/impactodenoticias.com.ar\/index.php?rest_route=%2Fwp%2Fv2%2Fcategories&post=32037"},{"taxonomy":"post_tag","embeddable":true,"href":"https:\/\/impactodenoticias.com.ar\/index.php?rest_route=%2Fwp%2Fv2%2Ftags&post=32037"}],"curies":[{"name":"wp","href":"https:\/\/api.w.org\/{rel}","templated":true}]}}