{"id":32040,"date":"2025-12-09T09:09:33","date_gmt":"2025-12-09T12:09:33","guid":{"rendered":"https:\/\/impactodenoticias.com.ar\/?p=32040"},"modified":"2025-12-11T10:07:57","modified_gmt":"2025-12-11T13:07:57","slug":"se-solicita-ayuda-para-juntar-fondos-para-el-velorio-y-el-traslado-de-los-jovenes-fallecidos-en-el-accidente-ocurrido-en-ruta-32","status":"publish","type":"post","link":"https:\/\/impactodenoticias.com.ar\/?p=32040","title":{"rendered":"Se solicita ayuda para juntar fondos para el velorio y el traslado de los j\u00f3venes fallecidos en el accidente ocurrido en Ruta 32"},"content":{"rendered":"\n<h2 class=\"wp-block-heading\">Dos j\u00f3venes murieron tr\u00e1gicamente el domingo en la Ruta 32, cuando se trasladaban a bordo de una moto y fueron embestidos violentamente por una camioneta.<\/h2>\n\n\n\n<p>Las v\u00edctimas eran Juan Carlos M\u00fcller De Campos, de 18 a\u00f1os, y Sasha Grandoli Riquelme, de 19. El conductor del rodado de mayor porte, fue detenido y est\u00e1 siendo investigado tras el accidente vial que le cost\u00f3 la vida a los dos j\u00f3venes.<\/p>\n\n\n\n<p><\/p>\n\n\n\n<figure class=\"wp-block-image size-full\"><img loading=\"lazy\" decoding=\"async\" width=\"900\" height=\"480\" src=\"https:\/\/impactodenoticias.com.ar\/wp-content\/uploads\/2025\/12\/CHOQUE-CRESPO.jpg\" alt=\"\" class=\"wp-image-32041\" srcset=\"https:\/\/impactodenoticias.com.ar\/wp-content\/uploads\/2025\/12\/CHOQUE-CRESPO.jpg 900w, https:\/\/impactodenoticias.com.ar\/wp-content\/uploads\/2025\/12\/CHOQUE-CRESPO-300x160.jpg 300w, https:\/\/impactodenoticias.com.ar\/wp-content\/uploads\/2025\/12\/CHOQUE-CRESPO-768x410.jpg 768w\" sizes=\"auto, (max-width: 900px) 100vw, 900px\" \/><\/figure>\n\n\n\n<p><\/p>\n\n\n\n<p>De acuerdo a informaci\u00f3n brindada a<strong> IMPACTO DE NOTICIAS<\/strong> por la fiscal a cargo de la investigaci\u00f3n es Patricia Yedro. Luego de las diligencias de rigor y las pericias en el lugar de los hechos, se orden\u00f3 la detenci\u00f3n del conductor, se trata de un hombre de 42 a\u00f1os, oriundo de Roque S\u00e1enz Pe\u00f1a, Chaco. Se dirig\u00eda por la ruta en una Amarok en direcci\u00f3n a Crespo, en el mismo sentido que las v\u00edctimas.<\/p>\n\n\n\n<p><\/p>\n\n\n\n<figure class=\"wp-block-image size-full\"><img loading=\"lazy\" decoding=\"async\" width=\"472\" height=\"1024\" src=\"https:\/\/impactodenoticias.com.ar\/wp-content\/uploads\/2025\/12\/WhatsApp-Image-2025-12-08-at-19.50.58.webp\" alt=\"\" class=\"wp-image-32042\" srcset=\"https:\/\/impactodenoticias.com.ar\/wp-content\/uploads\/2025\/12\/WhatsApp-Image-2025-12-08-at-19.50.58.webp 472w, https:\/\/impactodenoticias.com.ar\/wp-content\/uploads\/2025\/12\/WhatsApp-Image-2025-12-08-at-19.50.58-138x300.webp 138w\" sizes=\"auto, (max-width: 472px) 100vw, 472px\" \/><\/figure>\n\n\n\n<p><\/p>\n\n\n\n<p><\/p>\n\n\n\n<figure class=\"wp-block-image size-full\"><img loading=\"lazy\" decoding=\"async\" width=\"472\" height=\"1024\" src=\"https:\/\/impactodenoticias.com.ar\/wp-content\/uploads\/2025\/12\/2.webp\" alt=\"\" class=\"wp-image-32043\" srcset=\"https:\/\/impactodenoticias.com.ar\/wp-content\/uploads\/2025\/12\/2.webp 472w, https:\/\/impactodenoticias.com.ar\/wp-content\/uploads\/2025\/12\/2-138x300.webp 138w\" sizes=\"auto, (max-width: 472px) 100vw, 472px\" \/><\/figure>\n\n\n\n<p><\/p>\n\n\n\n<p>En las \u00faltimas horas se viralizaron los mensajes de dolor por la muerte de los j\u00f3venes de 18 y 19 a\u00f1os, y se multiplicaron los pedidos de colaboraci\u00f3n, para el velorio de Sasha y para el traslado del cuerpo de \u201cNego\u201d, quien era oriundo de Misiones.<\/p>\n\n\n\n<p><\/p>\n","protected":false},"excerpt":{"rendered":"<p>Dos j&oacute;venes murieron tr&aacute;gicamente el domingo en la Ruta 32, cuando se trasladaban a bordo de una moto y fueron embestidos violentamente por una camioneta. Las v&iacute;ctimas eran Juan Carlos M&uuml;ller De Campos, de 18 a&ntilde;os, y Sasha Grandoli Riquelme, de 19. El conductor del rodado de mayor porte, fue detenido y est&aacute; siendo investigado [&hellip;]<\/p>\n","protected":false},"author":2,"featured_media":32044,"comment_status":"closed","ping_status":"closed","sticky":false,"template":"","format":"standard","meta":{"footnotes":""},"categories":[3,8],"tags":[120,4000,6386,425,1477,6387,189],"class_list":["post-32040","post","type-post","status-publish","format-standard","has-post-thumbnail","hentry","category-locales","category-policiales","tag-accidente","tag-fallecidos","tag-fonfos","tag-jovenes","tag-ruta-32","tag-velorio","tag-vial"],"_links":{"self":[{"href":"https:\/\/impactodenoticias.com.ar\/index.php?rest_route=\/wp\/v2\/posts\/32040","targetHints":{"allow":["GET"]}}],"collection":[{"href":"https:\/\/impactodenoticias.com.ar\/index.php?rest_route=\/wp\/v2\/posts"}],"about":[{"href":"https:\/\/impactodenoticias.com.ar\/index.php?rest_route=\/wp\/v2\/types\/post"}],"author":[{"embeddable":true,"href":"https:\/\/impactodenoticias.com.ar\/index.php?rest_route=\/wp\/v2\/users\/2"}],"replies":[{"embeddable":true,"href":"https:\/\/impactodenoticias.com.ar\/index.php?rest_route=%2Fwp%2Fv2%2Fcomments&post=32040"}],"version-history":[{"count":1,"href":"https:\/\/impactodenoticias.com.ar\/index.php?rest_route=\/wp\/v2\/posts\/32040\/revisions"}],"predecessor-version":[{"id":32045,"href":"https:\/\/impactodenoticias.com.ar\/index.php?rest_route=\/wp\/v2\/posts\/32040\/revisions\/32045"}],"wp:featuredmedia":[{"embeddable":true,"href":"https:\/\/impactodenoticias.com.ar\/index.php?rest_route=\/wp\/v2\/media\/32044"}],"wp:attachment":[{"href":"https:\/\/impactodenoticias.com.ar\/index.php?rest_route=%2Fwp%2Fv2%2Fmedia&parent=32040"}],"wp:term":[{"taxonomy":"category","embeddable":true,"href":"https:\/\/impactodenoticias.com.ar\/index.php?rest_route=%2Fwp%2Fv2%2Fcategories&post=32040"},{"taxonomy":"post_tag","embeddable":true,"href":"https:\/\/impactodenoticias.com.ar\/index.php?rest_route=%2Fwp%2Fv2%2Ftags&post=32040"}],"curies":[{"name":"wp","href":"https:\/\/api.w.org\/{rel}","templated":true}]}}