{"id":32049,"date":"2025-12-09T09:24:11","date_gmt":"2025-12-09T12:24:11","guid":{"rendered":"https:\/\/impactodenoticias.com.ar\/?p=32049"},"modified":"2025-12-11T10:08:01","modified_gmt":"2025-12-11T13:08:01","slug":"las-tasas-municipalides-de-concordia-se-incrementaran-un-30-en-2026","status":"publish","type":"post","link":"https:\/\/impactodenoticias.com.ar\/?p=32049","title":{"rendered":"Las tasas municipalides de Concordia se incrementar\u00e1n un 30% en 2026"},"content":{"rendered":"\n<h2 class=\"wp-block-heading\">La presidenta del Concejo Deliberante de Concordia, Magdalena Reta de Urquiza, se\u00f1al\u00f3 que uno de los temas principales a tratar durante una sesi\u00f3n extraordinaria de este pr\u00f3ximo viernes ser\u00e1 la Ordenanza Tributaria, que determinar\u00e1 las tasas que van a regir durante el 2026.<\/h2>\n\n\n\n<p>Seg\u00fan la concejal, la ordenanza\u201cprev\u00e9 una actualizaci\u00f3n del 30% en materia de tasas, argumentando que \u201ces el porcentaje de inflaci\u00f3n con el que vamos a cerrar en 2025\u201d. En base a ese c\u00e1lculo, la Municipalidad de Concordia actualizar\u00e1 el costo de sus tributos. De este modo, anticip\u00f3 que tanto la Tasa General Inmobiliaria, como la Tasa de Servicios Sanitarios y la Tasa Comercial se actualizar\u00e1n con ese porcentaje.<\/p>\n\n\n\n<p>Adem\u00e1s se\u00f1al\u00f3 que para la tasa m\u00e1s baja, que es donde entran los comercios monotributistas, que es del 1.3%, el piso para tributar tambi\u00e9n se aumenta un 30%. Esto se replicar\u00e1 en la segunda al\u00edcuota del 1.6% y anticip\u00f3 que a la tercera, que es del 1.9%, se la bajar\u00e1 al 1.8%.<\/p>\n\n\n\n<p><strong>Tope al comercio local<\/strong><\/p>\n\n\n\n<p>Tambi\u00e9n indic\u00f3 que \u201cque se le pone un tope a todo lo que sea el comercio local de venta de alimentos y bebidas, de materiales de construcci\u00f3n, todo lo que sea mayorista o minorista, que la tasa m\u00e1xima a tributar es la del 1.8%\u201d.<\/p>\n\n\n\n<p>Sobre este tema, apunt\u00f3 que \u201choy en d\u00eda, los comercios que est\u00e1n tributando la tasa m\u00e1xima\u201d, lo hacen \u201cpor facturaci\u00f3n\u201d y \u201clos que facturan m\u00e1s de 3.000 millones al a\u00f1o pagan el 2.7%. Como son rubros de consumo masivo, ya sea tanto la venta por mayor como venta por menor, lo que se hace es que tributen como m\u00e1ximo el 1.8%\u201d.<\/p>\n\n\n\n<p>Incluso, precis\u00f3 que \u201cpueden tributar menos, el 1.3% o el 1.6% si son un comercio peque\u00f1o, pero como m\u00e1ximo el 1.8%\u201d. M\u00e1s all\u00e1 de esto, afirm\u00f3 que \u201cla escala del 2.7% va a seguir estando, pero eso tambi\u00e9n aumenta un 30%. Es decir, ser\u00eda para los que facturan m\u00e1s de 3.900 millones de pesos, que ser\u00edan algunos grandes comercios no locales\u201d.<\/p>\n\n\n\n<p><strong>Tasa de espect\u00e1culos<\/strong><\/p>\n\n\n\n<p>Reta de Urquiza se\u00f1al\u00f3 que \u201cotra tasa que se eliminar\u00e1\u201d con esta actualizaci\u00f3n \u201ces la tasa de espect\u00e1culos\u201d, que funcionaba como \u201cun derecho a las entradas y se prestaba a muchas confusiones y malentendidos, porque deb\u00eda ir un inspector municipal a ver cu\u00e1ntas personas entraban, cu\u00e1ntas entradas se vend\u00edan y se tomaba un porcentaje sobre ese monto\u201d.<\/p>\n\n\n\n<p>Sobre este punto, ponder\u00f3 que \u201ces un gran logro en el sentido de que aporta a la transparencia, la simplificaci\u00f3n y tambi\u00e9n da m\u00e1s trabajo a toda la parte del sector de espect\u00e1culos p\u00fablicos\u201d.<\/p>\n\n\n\n<p>Finalizando, mencion\u00f3 que \u201chab\u00eda un 5% que iba a Discapacidad y otro 5% que pr\u00e1cticamente iba a la Municipalidad, a gastos de control y otro tipo\u201d. En cuanto a este apartado, detall\u00f3 que \u201cese 5% a Discapacidad se va a seguir financiando de otra manera\u201d, porque \u201cexiste un Consejo de Discapacidad en el que se distribuye ese dinero entre las instituciones que lo conforman\u201d.<\/p>\n","protected":false},"excerpt":{"rendered":"<p>La presidenta del Concejo Deliberante de Concordia, Magdalena Reta de Urquiza, se&ntilde;al&oacute; que uno de los temas principales a tratar durante una sesi&oacute;n extraordinaria de este pr&oacute;ximo viernes ser&aacute; la Ordenanza Tributaria, que determinar&aacute; las tasas que van a regir durante el 2026. Seg&uacute;n la concejal, la ordenanza&ldquo;prev&eacute; una actualizaci&oacute;n del 30% en materia de [&hellip;]<\/p>\n","protected":false},"author":2,"featured_media":32050,"comment_status":"closed","ping_status":"closed","sticky":false,"template":"","format":"standard","meta":{"footnotes":""},"categories":[1902,4],"tags":[72,1558,6389,1960,497],"class_list":["post-32049","post","type-post","status-publish","format-standard","has-post-thumbnail","hentry","category-municipales","category-provinciales","tag-concordia","tag-incremento","tag-magdalena-reta-de-urquiza","tag-municipales","tag-tasas"],"_links":{"self":[{"href":"https:\/\/impactodenoticias.com.ar\/index.php?rest_route=\/wp\/v2\/posts\/32049","targetHints":{"allow":["GET"]}}],"collection":[{"href":"https:\/\/impactodenoticias.com.ar\/index.php?rest_route=\/wp\/v2\/posts"}],"about":[{"href":"https:\/\/impactodenoticias.com.ar\/index.php?rest_route=\/wp\/v2\/types\/post"}],"author":[{"embeddable":true,"href":"https:\/\/impactodenoticias.com.ar\/index.php?rest_route=\/wp\/v2\/users\/2"}],"replies":[{"embeddable":true,"href":"https:\/\/impactodenoticias.com.ar\/index.php?rest_route=%2Fwp%2Fv2%2Fcomments&post=32049"}],"version-history":[{"count":1,"href":"https:\/\/impactodenoticias.com.ar\/index.php?rest_route=\/wp\/v2\/posts\/32049\/revisions"}],"predecessor-version":[{"id":32051,"href":"https:\/\/impactodenoticias.com.ar\/index.php?rest_route=\/wp\/v2\/posts\/32049\/revisions\/32051"}],"wp:featuredmedia":[{"embeddable":true,"href":"https:\/\/impactodenoticias.com.ar\/index.php?rest_route=\/wp\/v2\/media\/32050"}],"wp:attachment":[{"href":"https:\/\/impactodenoticias.com.ar\/index.php?rest_route=%2Fwp%2Fv2%2Fmedia&parent=32049"}],"wp:term":[{"taxonomy":"category","embeddable":true,"href":"https:\/\/impactodenoticias.com.ar\/index.php?rest_route=%2Fwp%2Fv2%2Fcategories&post=32049"},{"taxonomy":"post_tag","embeddable":true,"href":"https:\/\/impactodenoticias.com.ar\/index.php?rest_route=%2Fwp%2Fv2%2Ftags&post=32049"}],"curies":[{"name":"wp","href":"https:\/\/api.w.org\/{rel}","templated":true}]}}