{"id":32052,"date":"2025-12-09T09:28:23","date_gmt":"2025-12-09T12:28:23","guid":{"rendered":"https:\/\/impactodenoticias.com.ar\/?p=32052"},"modified":"2025-12-11T10:08:05","modified_gmt":"2025-12-11T13:08:05","slug":"susana-medina-renuncio-como-presidenta-de-la-asociacion-de-mujeres-juezas-de-argentina-tras-denuncia-en-su-contra","status":"publish","type":"post","link":"https:\/\/impactodenoticias.com.ar\/?p=32052","title":{"rendered":"Susana Medina renunci\u00f3 como presidenta de la Asociaci\u00f3n de Mujeres Juezas de Argentina tras denuncia en su contra"},"content":{"rendered":"\n<h2 class=\"wp-block-heading\">La jueza Susana Medina present\u00f3 este domingo su renuncia \u201cindeclinable\u201d al cargo de Presidenta de la Asociaci\u00f3n de Mujeres Juezas de Argentina (AMJA), por \u201crazones personales\u201d. La novedad la comunic\u00f3 a las integrantes de la Comisi\u00f3n Directiva y de la Comisi\u00f3n Revisora de Cuentas.<\/h2>\n\n\n\n<p>La vocal del Superior Tribunal de Justicia de Entre R\u00edos, Susana Medina, hab\u00eda sido designada en la presidencia de la AMJA en marzo de 2009. La renuncia se da a pocos d\u00edas que se formalizara un pedido de juicio pol\u00edtico en su contra ante la c\u00e1mara baja de la Legislatura de la provincia, por parte de un particular.<\/p>\n\n\n\n<p>En la denuncia se apunta a un presunto \u201cmal desempe\u00f1o\u201d de la vocal del Superior Tribunal de Justicia de Entre R\u00edos (STJ), por causas que, de acuerdo a los denunciantes, comprometer\u00edan su funci\u00f3n institucional. Entre los cargos figuran: m\u00e1s de 660 d\u00edas h\u00e1biles marcados como \u201causencias injustificadas\u201d sin prestar funciones; uso indebido de bienes del Estado \u2014incluyendo veh\u00edculos oficiales, choferes y vi\u00e1ticos\u2014, muchas veces con conceptos gen\u00e9ricos como \u201ccapacitaci\u00f3n\u201d o \u201cactividad institucional\u201d, sin respaldo documental; y una supuesta desviaci\u00f3n de poder, al financiar con fondos p\u00fablicos actividades de la AMJA, de car\u00e1cter personal, partidario o diplom\u00e1tico.<\/p>\n\n\n\n<p>El pedido de juicio pol\u00edtico fue presentado por Eugenio Jacquemain, docente y dirigente de la agrupaci\u00f3n gremial Rojo y Negro de la Asociaci\u00f3n Gremial del Magisterio de Entre R\u00edos (Agmer) de Gualeguaych\u00fa.<\/p>\n\n\n\n<p>En su carta de renuncia, Medina manifest\u00f3 adem\u00e1s sus deseos de \u00e9xito para la Comisi\u00f3n Directiva de la asociaci\u00f3n y las inst\u00f3 a continuar con \u201cla promoci\u00f3n y defensa de los derechos humanos de las mujeres\u201d.<\/p>\n","protected":false},"excerpt":{"rendered":"<p>La jueza Susana Medina present&oacute; este domingo su renuncia &ldquo;indeclinable&rdquo; al cargo de Presidenta de la Asociaci&oacute;n de Mujeres Juezas de Argentina (AMJA), por &ldquo;razones personales&rdquo;. La novedad la comunic&oacute; a las integrantes de la Comisi&oacute;n Directiva y de la Comisi&oacute;n Revisora de Cuentas. La vocal del Superior Tribunal de Justicia de Entre R&iacute;os, Susana [&hellip;]<\/p>\n","protected":false},"author":2,"featured_media":32053,"comment_status":"closed","ping_status":"closed","sticky":false,"template":"","format":"standard","meta":{"footnotes":""},"categories":[90,11,4],"tags":[6391,68,6392,1422,4545],"class_list":["post-32052","post","type-post","status-publish","format-standard","has-post-thumbnail","hentry","category-judicial","category-politica","category-provinciales","tag-amja","tag-denuncia","tag-eugenio-jacquemain","tag-renuncia","tag-susana-medina"],"_links":{"self":[{"href":"https:\/\/impactodenoticias.com.ar\/index.php?rest_route=\/wp\/v2\/posts\/32052","targetHints":{"allow":["GET"]}}],"collection":[{"href":"https:\/\/impactodenoticias.com.ar\/index.php?rest_route=\/wp\/v2\/posts"}],"about":[{"href":"https:\/\/impactodenoticias.com.ar\/index.php?rest_route=\/wp\/v2\/types\/post"}],"author":[{"embeddable":true,"href":"https:\/\/impactodenoticias.com.ar\/index.php?rest_route=\/wp\/v2\/users\/2"}],"replies":[{"embeddable":true,"href":"https:\/\/impactodenoticias.com.ar\/index.php?rest_route=%2Fwp%2Fv2%2Fcomments&post=32052"}],"version-history":[{"count":1,"href":"https:\/\/impactodenoticias.com.ar\/index.php?rest_route=\/wp\/v2\/posts\/32052\/revisions"}],"predecessor-version":[{"id":32054,"href":"https:\/\/impactodenoticias.com.ar\/index.php?rest_route=\/wp\/v2\/posts\/32052\/revisions\/32054"}],"wp:featuredmedia":[{"embeddable":true,"href":"https:\/\/impactodenoticias.com.ar\/index.php?rest_route=\/wp\/v2\/media\/32053"}],"wp:attachment":[{"href":"https:\/\/impactodenoticias.com.ar\/index.php?rest_route=%2Fwp%2Fv2%2Fmedia&parent=32052"}],"wp:term":[{"taxonomy":"category","embeddable":true,"href":"https:\/\/impactodenoticias.com.ar\/index.php?rest_route=%2Fwp%2Fv2%2Fcategories&post=32052"},{"taxonomy":"post_tag","embeddable":true,"href":"https:\/\/impactodenoticias.com.ar\/index.php?rest_route=%2Fwp%2Fv2%2Ftags&post=32052"}],"curies":[{"name":"wp","href":"https:\/\/api.w.org\/{rel}","templated":true}]}}