{"id":32055,"date":"2025-12-09T09:35:12","date_gmt":"2025-12-09T12:35:12","guid":{"rendered":"https:\/\/impactodenoticias.com.ar\/?p=32055"},"modified":"2025-12-18T11:17:06","modified_gmt":"2025-12-18T14:17:06","slug":"atacaron-y-vandalizaron-dos-de-los-nuevos-colectivos-en-la-ciudad-de-parana","status":"publish","type":"post","link":"https:\/\/impactodenoticias.com.ar\/?p=32055","title":{"rendered":"Atacaron y vandalizaron dos de los nuevos colectivos en la ciudad de Paran\u00e1"},"content":{"rendered":"\n<h2 class=\"wp-block-heading\">Dos flamantes colectivos del nuevo sistema de transporte urbano de la ciudad de Paran\u00e1 fueron atacados por desconocidos, el lamentable hecho se produjo este lunes por la ma\u00f1ana. Generaron destrozos en los vidrios tras tirar piedras contra las nuevas unidades.<\/h2>\n\n\n\n<p>El hecho ocurri\u00f3 durante las primeras horas de este lunes, en la cabecera de la L\u00ednea D, en Lola Mora y Quinquela Mart\u00edn, y posteriormente en una de las cabeceras de Ameghino y Florencio S\u00e1nchez, en San Agust\u00edn, seg\u00fan informaron a <strong>IMPACTO DE NOTICIA<\/strong>S fuentes oficiales.<\/p>\n\n\n\n<p><\/p>\n\n\n\n<figure class=\"wp-block-image size-full\"><img loading=\"lazy\" decoding=\"async\" width=\"576\" height=\"1024\" src=\"https:\/\/impactodenoticias.com.ar\/wp-content\/uploads\/2025\/12\/3.png\" alt=\"\" class=\"wp-image-32056\" srcset=\"https:\/\/impactodenoticias.com.ar\/wp-content\/uploads\/2025\/12\/3.png 576w, https:\/\/impactodenoticias.com.ar\/wp-content\/uploads\/2025\/12\/3-169x300.png 169w\" sizes=\"auto, (max-width: 576px) 100vw, 576px\" \/><\/figure>\n\n\n\n<p><\/p>\n\n\n\n<p>Los m\u00f3viles quedaron fuera de servicio moment\u00e1neamente y fueron reemplazados por otras unidades para poder garantizar la prestaci\u00f3n del servicio de transporte en el primer d\u00eda h\u00e1bil desde el cambio de concesi\u00f3n.<\/p>\n\n\n\n<p>Vale se\u00f1alar que este domingo 7 de diciembre se concret\u00f3 el inicio del nuevo servicio de transporte urbano, en manos de la UTE encabezada por la firma San Jos\u00e9 SA.<\/p>\n","protected":false},"excerpt":{"rendered":"<p>Dos flamantes colectivos del nuevo sistema de transporte urbano de la ciudad de Paran&aacute; fueron atacados por desconocidos, el lamentable hecho se produjo este lunes por la ma&ntilde;ana. Generaron destrozos en los vidrios tras tirar piedras contra las nuevas unidades. El hecho ocurri&oacute; durante las primeras horas de este lunes, en la cabecera de la [&hellip;]<\/p>\n","protected":false},"author":2,"featured_media":32057,"comment_status":"closed","ping_status":"closed","sticky":false,"template":"","format":"standard","meta":{"footnotes":""},"categories":[3,1902,8],"tags":[348,95,390,6393],"class_list":["post-32055","post","type-post","status-publish","format-standard","has-post-thumbnail","hentry","category-locales","category-municipales","category-policiales","tag-colectivos","tag-parana","tag-san-jose","tag-vandalismo"],"_links":{"self":[{"href":"https:\/\/impactodenoticias.com.ar\/index.php?rest_route=\/wp\/v2\/posts\/32055","targetHints":{"allow":["GET"]}}],"collection":[{"href":"https:\/\/impactodenoticias.com.ar\/index.php?rest_route=\/wp\/v2\/posts"}],"about":[{"href":"https:\/\/impactodenoticias.com.ar\/index.php?rest_route=\/wp\/v2\/types\/post"}],"author":[{"embeddable":true,"href":"https:\/\/impactodenoticias.com.ar\/index.php?rest_route=\/wp\/v2\/users\/2"}],"replies":[{"embeddable":true,"href":"https:\/\/impactodenoticias.com.ar\/index.php?rest_route=%2Fwp%2Fv2%2Fcomments&post=32055"}],"version-history":[{"count":1,"href":"https:\/\/impactodenoticias.com.ar\/index.php?rest_route=\/wp\/v2\/posts\/32055\/revisions"}],"predecessor-version":[{"id":32058,"href":"https:\/\/impactodenoticias.com.ar\/index.php?rest_route=\/wp\/v2\/posts\/32055\/revisions\/32058"}],"wp:featuredmedia":[{"embeddable":true,"href":"https:\/\/impactodenoticias.com.ar\/index.php?rest_route=\/wp\/v2\/media\/32057"}],"wp:attachment":[{"href":"https:\/\/impactodenoticias.com.ar\/index.php?rest_route=%2Fwp%2Fv2%2Fmedia&parent=32055"}],"wp:term":[{"taxonomy":"category","embeddable":true,"href":"https:\/\/impactodenoticias.com.ar\/index.php?rest_route=%2Fwp%2Fv2%2Fcategories&post=32055"},{"taxonomy":"post_tag","embeddable":true,"href":"https:\/\/impactodenoticias.com.ar\/index.php?rest_route=%2Fwp%2Fv2%2Ftags&post=32055"}],"curies":[{"name":"wp","href":"https:\/\/api.w.org\/{rel}","templated":true}]}}