{"id":32063,"date":"2025-12-10T12:49:34","date_gmt":"2025-12-10T15:49:34","guid":{"rendered":"https:\/\/impactodenoticias.com.ar\/?p=32063"},"modified":"2025-12-11T10:08:13","modified_gmt":"2025-12-11T13:08:13","slug":"brasil-el-intendente-de-colon-protagonizo-un-grave-siniestro-vial-junto-a-su-familia","status":"publish","type":"post","link":"https:\/\/impactodenoticias.com.ar\/?p=32063","title":{"rendered":"Brasil: el intendente de Col\u00f3n protagoniz\u00f3 un grave siniestro vial junto a su familia"},"content":{"rendered":"\n<h2 class=\"wp-block-heading\">Jos\u00e9 Luis Walser, intendente de Col\u00f3n, sufri\u00f3 este mi\u00e9rcoles en horas de la ma\u00f1ana un grave accidente vial. El siniestro vial se registr\u00f3 cuando viajaba junto a su familia en una ruta de R\u00edo Grande Do Sul, al sur de Brasil, en medio de una lluvia torrencial.<\/h2>\n\n\n\n<p>Las autoridades informaron de forma oficial que el intendente entrerriano protagoniz\u00f3 un accidente automovil\u00edstico cuando se dirig\u00eda en un viaje oficial junto a su familia. Seg\u00fan tarscendi\u00f3, se dirig\u00edan hacia Florian\u00f3polis.<\/p>\n\n\n\n<p>Su esposa fue intervenida quir\u00fargicamente y fue trasladada a Porto Alegre para una mejor atenci\u00f3n, encontr\u00e1ndose en estado reservado. Una de sus hijas, menor de edad, se encuentra a la espera de una intervenci\u00f3n.<\/p>\n\n\n\n<p>Desde la Municipalidad de Col\u00f3n precisaron que \u201cJos\u00e9 Luis y el resto de la familia se encuentra fuera de peligro\u201d.<\/p>\n\n\n\n<p><\/p>\n\n\n\n<figure class=\"wp-block-image size-full\"><img loading=\"lazy\" decoding=\"async\" width=\"696\" height=\"917\" src=\"https:\/\/impactodenoticias.com.ar\/wp-content\/uploads\/2025\/12\/comunicado-colon-walser-accidente.webp\" alt=\"\" class=\"wp-image-32064\" srcset=\"https:\/\/impactodenoticias.com.ar\/wp-content\/uploads\/2025\/12\/comunicado-colon-walser-accidente.webp 696w, https:\/\/impactodenoticias.com.ar\/wp-content\/uploads\/2025\/12\/comunicado-colon-walser-accidente-228x300.webp 228w\" sizes=\"auto, (max-width: 696px) 100vw, 696px\" \/><\/figure>\n\n\n\n<p><\/p>\n\n\n\n<p>A la espera de mayor informaci\u00f3n, solicitaron una \u201coraci\u00f3n por la pronta recuperaci\u00f3n de toda la familia\u201d.<\/p>\n","protected":false},"excerpt":{"rendered":"<p>Jos&eacute; Luis Walser, intendente de Col&oacute;n, sufri&oacute; este mi&eacute;rcoles en horas de la ma&ntilde;ana un grave accidente vial. El siniestro vial se registr&oacute; cuando viajaba junto a su familia en una ruta de R&iacute;o Grande Do Sul, al sur de Brasil, en medio de una lluvia torrencial. Las autoridades informaron de forma oficial que el [&hellip;]<\/p>\n","protected":false},"author":2,"featured_media":32065,"comment_status":"closed","ping_status":"closed","sticky":false,"template":"","format":"standard","meta":{"footnotes":""},"categories":[8,4],"tags":[120,1776,446,394,2063,189],"class_list":["post-32063","post","type-post","status-publish","format-standard","has-post-thumbnail","hentry","category-policiales","category-provinciales","tag-accidente","tag-brasil","tag-familia","tag-heridos","tag-jose-luis-walser","tag-vial"],"_links":{"self":[{"href":"https:\/\/impactodenoticias.com.ar\/index.php?rest_route=\/wp\/v2\/posts\/32063","targetHints":{"allow":["GET"]}}],"collection":[{"href":"https:\/\/impactodenoticias.com.ar\/index.php?rest_route=\/wp\/v2\/posts"}],"about":[{"href":"https:\/\/impactodenoticias.com.ar\/index.php?rest_route=\/wp\/v2\/types\/post"}],"author":[{"embeddable":true,"href":"https:\/\/impactodenoticias.com.ar\/index.php?rest_route=\/wp\/v2\/users\/2"}],"replies":[{"embeddable":true,"href":"https:\/\/impactodenoticias.com.ar\/index.php?rest_route=%2Fwp%2Fv2%2Fcomments&post=32063"}],"version-history":[{"count":1,"href":"https:\/\/impactodenoticias.com.ar\/index.php?rest_route=\/wp\/v2\/posts\/32063\/revisions"}],"predecessor-version":[{"id":32066,"href":"https:\/\/impactodenoticias.com.ar\/index.php?rest_route=\/wp\/v2\/posts\/32063\/revisions\/32066"}],"wp:featuredmedia":[{"embeddable":true,"href":"https:\/\/impactodenoticias.com.ar\/index.php?rest_route=\/wp\/v2\/media\/32065"}],"wp:attachment":[{"href":"https:\/\/impactodenoticias.com.ar\/index.php?rest_route=%2Fwp%2Fv2%2Fmedia&parent=32063"}],"wp:term":[{"taxonomy":"category","embeddable":true,"href":"https:\/\/impactodenoticias.com.ar\/index.php?rest_route=%2Fwp%2Fv2%2Fcategories&post=32063"},{"taxonomy":"post_tag","embeddable":true,"href":"https:\/\/impactodenoticias.com.ar\/index.php?rest_route=%2Fwp%2Fv2%2Ftags&post=32063"}],"curies":[{"name":"wp","href":"https:\/\/api.w.org\/{rel}","templated":true}]}}