{"id":32073,"date":"2025-12-11T09:41:24","date_gmt":"2025-12-11T12:41:24","guid":{"rendered":"https:\/\/impactodenoticias.com.ar\/?p=32073"},"modified":"2025-12-11T09:41:41","modified_gmt":"2025-12-11T12:41:41","slug":"ruta-11-un-camion-y-una-cosechadora-protagonizaron-un-accidente-vial","status":"publish","type":"post","link":"https:\/\/impactodenoticias.com.ar\/?p=32073","title":{"rendered":"Ruta 11: un cami\u00f3n y una cosechadora protagonizaron un accidente vial"},"content":{"rendered":"\n<h2 class=\"wp-block-heading\">Un accidente vial se registr\u00f3 este mi\u00e9rcoles en Ruta 11, en el lugar chocaron un cami\u00f3n y una cosechadora. El impactante siniestro vial sucedi\u00f3 a la altura del kil\u00f3metro 198, en el departamento Gualeguay, seg\u00fan informaci\u00f3n brindada a IMPACTO DE NOTICIAS de forma oficial.<\/h2>\n\n\n\n<p>Seg\u00fan informaron los Bomberos Voluntarios, el impacto tuvo lugar cerca de un arroyo. Al haber poco espacio, los dos veh\u00edculos no pudieron atravesar un puente y terminaron chocando. Debido al impacto, el rodado de mayor porte se desplom\u00f3 sobre el agua de Arroyo Cl\u00e9. Gran parte de la mercader\u00eda a bordo se perdi\u00f3.<\/p>\n\n\n\n<p>Los bomberos informaron que no se registraron heridos.<\/p>\n","protected":false},"excerpt":{"rendered":"<p>Un accidente vial se registr&oacute; este mi&eacute;rcoles en Ruta 11, en el lugar chocaron un cami&oacute;n y una cosechadora. El impactante siniestro vial sucedi&oacute; a la altura del kil&oacute;metro 198, en el departamento Gualeguay, seg&uacute;n informaci&oacute;n brindada a IMPACTO DE NOTICIAS de forma oficial. Seg&uacute;n informaron los Bomberos Voluntarios, el impacto tuvo lugar cerca de [&hellip;]<\/p>\n","protected":false},"author":2,"featured_media":32074,"comment_status":"closed","ping_status":"closed","sticky":false,"template":"","format":"standard","meta":{"footnotes":""},"categories":[8,4],"tags":[545,6397,641],"class_list":["post-32073","post","type-post","status-publish","format-standard","has-post-thumbnail","hentry","category-policiales","category-provinciales","tag-camion","tag-cosechadora","tag-ruta-11"],"_links":{"self":[{"href":"https:\/\/impactodenoticias.com.ar\/index.php?rest_route=\/wp\/v2\/posts\/32073","targetHints":{"allow":["GET"]}}],"collection":[{"href":"https:\/\/impactodenoticias.com.ar\/index.php?rest_route=\/wp\/v2\/posts"}],"about":[{"href":"https:\/\/impactodenoticias.com.ar\/index.php?rest_route=\/wp\/v2\/types\/post"}],"author":[{"embeddable":true,"href":"https:\/\/impactodenoticias.com.ar\/index.php?rest_route=\/wp\/v2\/users\/2"}],"replies":[{"embeddable":true,"href":"https:\/\/impactodenoticias.com.ar\/index.php?rest_route=%2Fwp%2Fv2%2Fcomments&post=32073"}],"version-history":[{"count":1,"href":"https:\/\/impactodenoticias.com.ar\/index.php?rest_route=\/wp\/v2\/posts\/32073\/revisions"}],"predecessor-version":[{"id":32075,"href":"https:\/\/impactodenoticias.com.ar\/index.php?rest_route=\/wp\/v2\/posts\/32073\/revisions\/32075"}],"wp:featuredmedia":[{"embeddable":true,"href":"https:\/\/impactodenoticias.com.ar\/index.php?rest_route=\/wp\/v2\/media\/32074"}],"wp:attachment":[{"href":"https:\/\/impactodenoticias.com.ar\/index.php?rest_route=%2Fwp%2Fv2%2Fmedia&parent=32073"}],"wp:term":[{"taxonomy":"category","embeddable":true,"href":"https:\/\/impactodenoticias.com.ar\/index.php?rest_route=%2Fwp%2Fv2%2Fcategories&post=32073"},{"taxonomy":"post_tag","embeddable":true,"href":"https:\/\/impactodenoticias.com.ar\/index.php?rest_route=%2Fwp%2Fv2%2Ftags&post=32073"}],"curies":[{"name":"wp","href":"https:\/\/api.w.org\/{rel}","templated":true}]}}