{"id":32084,"date":"2025-12-11T18:55:49","date_gmt":"2025-12-11T21:55:49","guid":{"rendered":"https:\/\/impactodenoticias.com.ar\/?p=32084"},"modified":"2025-12-18T11:17:18","modified_gmt":"2025-12-18T14:17:18","slug":"la-magistrada-susana-medina-debera-presentar-un-descargo-ante-la-comision-de-juicio-politico","status":"publish","type":"post","link":"https:\/\/impactodenoticias.com.ar\/?p=32084","title":{"rendered":"La magistrada Susana Medina deber\u00e1 presentar un descargo ante la Comisi\u00f3n de Juicio Pol\u00edtico"},"content":{"rendered":"\n<h2 class=\"wp-block-heading\">La jueza del Superior Tribunal de Justicia (STJ), Susana Medina, deber\u00e1 presentar un descargo ante la Comisi\u00f3n de Juicio Pol\u00edtico de la C\u00e1mara de Diputados, as\u00ed lo confirmaron fuentes parlamentarias. La magistrada tendr\u00e1 el derecho de defenderse de las acusaciones vertidas en las dos denuncias en su contra por mal desempe\u00f1o, efectuadas por Eugenio Jacquemain -dirigente de Agmer- y la ONG \u00abEntre R\u00edos sin Corrupci\u00f3n\u00bb.<\/h2>\n\n\n\n<p>Este jueves, diputados mantuvieron una reuni\u00f3n para analizar las dos demandas contra la magistrada. Resolvieron, por un lado, solicitarle que en un plazo no superior a los cinco d\u00edas explique su posici\u00f3n en relaci\u00f3n a un posible mal desempe\u00f1o de su cargo. Y adem\u00e1s, pedir\u00e1n que el STJ remita informaci\u00f3n exclusiva sobre viajes, vi\u00e1ticos, cursos, donaciones y otros aspectos que le son discutidos a la vocal del m\u00e1ximo tribunal judicial de la provincia.<\/p>\n\n\n\n<p>Vale se\u00f1alar que en las dos denuncias presentadas contra Medina se apunta que falt\u00f3 casi 700 d\u00edas h\u00e1biles a su oficina y que se movi\u00f3 por el pa\u00eds y el mundo con recursos del Poder Judicial. Desde el entorno de la jueza afirman que nunca dej\u00f3 de cumplir con sus funciones ni desatendi\u00f3 sus obligaciones como funcionaria de la Justicia entrerriana.<\/p>\n\n\n\n<p><\/p>\n\n\n\n<figure class=\"wp-block-embed is-type-wp-embed is-provider-incrustado wp-block-embed-incrustado\"><div class=\"wp-block-embed__wrapper\">\n<blockquote class=\"wp-embedded-content\" data-secret=\"EerMHvCHHI\"><a href=\"https:\/\/impactodenoticias.com.ar\/?p=32067\">Se present\u00f3 un nuevo pedido de juicio pol\u00edtico a la vocal del STJ, Susana Medina<\/a><\/blockquote><iframe loading=\"lazy\" class=\"wp-embedded-content\" sandbox=\"allow-scripts\" security=\"restricted\" style=\"position: absolute; visibility: hidden;\" title=\"\u00abSe present\u00f3 un nuevo pedido de juicio pol\u00edtico a la vocal del STJ, Susana Medina\u00bb \u2014 \" src=\"https:\/\/impactodenoticias.com.ar\/?p=32067&#038;embed=true#?secret=gXqSVxT7WW#?secret=EerMHvCHHI\" data-secret=\"EerMHvCHHI\" width=\"600\" height=\"338\" frameborder=\"0\" marginwidth=\"0\" marginheight=\"0\" scrolling=\"no\"><\/iframe>\n<\/div><\/figure>\n\n\n\n<p><\/p>\n\n\n\n<p><\/p>\n","protected":false},"excerpt":{"rendered":"<p>La jueza del Superior Tribunal de Justicia (STJ), Susana Medina, deber&aacute; presentar un descargo ante la Comisi&oacute;n de Juicio Pol&iacute;tico de la C&aacute;mara de Diputados, as&iacute; lo confirmaron fuentes parlamentarias. La magistrada tendr&aacute; el derecho de defenderse de las acusaciones vertidas en las dos denuncias en su contra por mal desempe&ntilde;o, efectuadas por Eugenio Jacquemain [&hellip;]<\/p>\n","protected":false},"author":2,"featured_media":32085,"comment_status":"closed","ping_status":"closed","sticky":false,"template":"","format":"standard","meta":{"footnotes":""},"categories":[90,11,4],"tags":[6184,33,4545],"class_list":["post-32084","post","type-post","status-publish","format-standard","has-post-thumbnail","hentry","category-judicial","category-politica","category-provinciales","tag-descargo","tag-entre-rios","tag-susana-medina"],"_links":{"self":[{"href":"https:\/\/impactodenoticias.com.ar\/index.php?rest_route=\/wp\/v2\/posts\/32084","targetHints":{"allow":["GET"]}}],"collection":[{"href":"https:\/\/impactodenoticias.com.ar\/index.php?rest_route=\/wp\/v2\/posts"}],"about":[{"href":"https:\/\/impactodenoticias.com.ar\/index.php?rest_route=\/wp\/v2\/types\/post"}],"author":[{"embeddable":true,"href":"https:\/\/impactodenoticias.com.ar\/index.php?rest_route=\/wp\/v2\/users\/2"}],"replies":[{"embeddable":true,"href":"https:\/\/impactodenoticias.com.ar\/index.php?rest_route=%2Fwp%2Fv2%2Fcomments&post=32084"}],"version-history":[{"count":1,"href":"https:\/\/impactodenoticias.com.ar\/index.php?rest_route=\/wp\/v2\/posts\/32084\/revisions"}],"predecessor-version":[{"id":32086,"href":"https:\/\/impactodenoticias.com.ar\/index.php?rest_route=\/wp\/v2\/posts\/32084\/revisions\/32086"}],"wp:featuredmedia":[{"embeddable":true,"href":"https:\/\/impactodenoticias.com.ar\/index.php?rest_route=\/wp\/v2\/media\/32085"}],"wp:attachment":[{"href":"https:\/\/impactodenoticias.com.ar\/index.php?rest_route=%2Fwp%2Fv2%2Fmedia&parent=32084"}],"wp:term":[{"taxonomy":"category","embeddable":true,"href":"https:\/\/impactodenoticias.com.ar\/index.php?rest_route=%2Fwp%2Fv2%2Fcategories&post=32084"},{"taxonomy":"post_tag","embeddable":true,"href":"https:\/\/impactodenoticias.com.ar\/index.php?rest_route=%2Fwp%2Fv2%2Ftags&post=32084"}],"curies":[{"name":"wp","href":"https:\/\/api.w.org\/{rel}","templated":true}]}}