{"id":32099,"date":"2025-12-18T11:16:52","date_gmt":"2025-12-18T14:16:52","guid":{"rendered":"https:\/\/impactodenoticias.com.ar\/?p=32099"},"modified":"2025-12-19T10:39:29","modified_gmt":"2025-12-19T13:39:29","slug":"villa-del-rosario-madre-de-un-alumno-agredio-a-la-rectora-porque-reprobaron-a-su-hijo","status":"publish","type":"post","link":"https:\/\/impactodenoticias.com.ar\/?p=32099","title":{"rendered":"Villa del Rosario: madre de un alumno agredi\u00f3 a la rectora porque reprobaron a su hijo"},"content":{"rendered":"\n<h2 class=\"wp-block-heading\">El jefe de la comisar\u00eda local de Villa del Rosario, inform\u00f3 sobre un grave hecho de violencia que ocurri\u00f3 en las \u00faltimas horas en la Escuela Secundaria N\u00b0 2 \u201cSandalio Olivetti\u201d, ocurri\u00f3 que la rectora del establecimiento fue agredida verbal y f\u00edsicamente por la madre de un alumno, quien reprob\u00f3 una materia.<\/h2>\n\n\n\n<p>El martes, autoridades de la Escuela Secundaria N\u00b0 2 realizaron una denuncia en la Comisar\u00eda N\u00b0 21 de Villa del Rosario debido al impactante hecho de violencia que se registr\u00f3 en el establecimiento ubicado en la intersecci\u00f3n de las calles Don Bosco y Tratado del Pilar.<\/p>\n\n\n\n<p>Seg\u00fan trascendi\u00f3 el hecho se desencaden\u00f3 despu\u00e9s que un alumno se presentara fuera de horario a la mesa de examen de una materia, lo que motiv\u00f3 que reprobara. Poco despu\u00e9s la madre del adolescente se hizo presente en la rector\u00eda de la escuela, donde efectu\u00f3 algunos reclamos y, luego, agredi\u00f3 verbal y f\u00edsicamente a la rectora, Gisela Brutomeso.<\/p>\n\n\n\n<p>Esta situaci\u00f3n deriv\u00f3 en una denuncia policial realizada por la v\u00edctima, quien se present\u00f3 en la dependencia policial junto al supervisor de zona.<\/p>\n\n\n\n<p>Vale se\u00f1alar que, seg\u00fan lo informado por fuentes policiales, sobre el padre del estudiante (esposo de la mujer denunciada) pesa actualmente una restricci\u00f3n de acercamiento a la rectora de la entidad educativa, ya que hace alg\u00fan tiempo atr\u00e1s tambi\u00e9n fue denunciado por agresi\u00f3n verbal.<\/p>\n\n\n\n<p><strong>Convocatoria en la escuela<\/strong><\/p>\n\n\n\n<p><\/p>\n\n\n\n<figure class=\"wp-block-image size-full\"><img loading=\"lazy\" decoding=\"async\" width=\"720\" height=\"418\" src=\"https:\/\/impactodenoticias.com.ar\/wp-content\/uploads\/2025\/12\/Violencia-Escuela-Villa-Rosario-1.png\" alt=\"\" class=\"wp-image-32100\" srcset=\"https:\/\/impactodenoticias.com.ar\/wp-content\/uploads\/2025\/12\/Violencia-Escuela-Villa-Rosario-1.png 720w, https:\/\/impactodenoticias.com.ar\/wp-content\/uploads\/2025\/12\/Violencia-Escuela-Villa-Rosario-1-300x174.png 300w\" sizes=\"auto, (max-width: 720px) 100vw, 720px\" \/><\/figure>\n\n\n\n<p><\/p>\n\n\n\n<p>Frente al edificio de la Escuela \u201cSandalio Olivetti\u201d, docentes, ex docentes, familiares de alumnos, alumnos y ex alumnos de la instituci\u00f3n y de otras, incluso de localidades vecinas, expresaron el rechazo a la situaci\u00f3n de violencia que tuvo lugar en las \u00faltimas horas, hacia la rectora, Gisela Brutomeso.<\/p>\n\n\n\n<p>La concentraci\u00f3n se llev\u00f3 a cabo a las 20 en Villa del Rosario y en el lugar, una docente de esa comunidad educativa ley\u00f3 unas palabras que reflejaban la impotencia e indignaci\u00f3n por el hecho en el que una madre agredi\u00f3 a una docente. Breg\u00f3 por el di\u00e1logo e invit\u00f3 a la comunidad a unirse \u201cen este repudio a esta agresi\u00f3n y a trabajar juntos para crear un ambiente seguro, respetuoso, para directivos, docentes, estudiantes y comunidad en general\u201d. \u201cFormemos personas con buenos valores\u201d, destac\u00f3.<\/p>\n","protected":false},"excerpt":{"rendered":"<p>El jefe de la comisar&iacute;a local de Villa del Rosario, inform&oacute; sobre un grave hecho de violencia que ocurri&oacute; en las &uacute;ltimas horas en la Escuela Secundaria N&deg; 2 &ldquo;Sandalio Olivetti&rdquo;, ocurri&oacute; que la rectora del establecimiento fue agredida verbal y f&iacute;sicamente por la madre de un alumno, quien reprob&oacute; una materia. El martes, autoridades [&hellip;]<\/p>\n","protected":false},"author":2,"featured_media":32101,"comment_status":"closed","ping_status":"closed","sticky":false,"template":"","format":"standard","meta":{"footnotes":""},"categories":[8,4],"tags":[1785,2758,6404,213],"class_list":["post-32099","post","type-post","status-publish","format-standard","has-post-thumbnail","hentry","category-policiales","category-provinciales","tag-agresion","tag-directora","tag-escuela-secundaria-n-2","tag-villa-del-rosario"],"_links":{"self":[{"href":"https:\/\/impactodenoticias.com.ar\/index.php?rest_route=\/wp\/v2\/posts\/32099","targetHints":{"allow":["GET"]}}],"collection":[{"href":"https:\/\/impactodenoticias.com.ar\/index.php?rest_route=\/wp\/v2\/posts"}],"about":[{"href":"https:\/\/impactodenoticias.com.ar\/index.php?rest_route=\/wp\/v2\/types\/post"}],"author":[{"embeddable":true,"href":"https:\/\/impactodenoticias.com.ar\/index.php?rest_route=\/wp\/v2\/users\/2"}],"replies":[{"embeddable":true,"href":"https:\/\/impactodenoticias.com.ar\/index.php?rest_route=%2Fwp%2Fv2%2Fcomments&post=32099"}],"version-history":[{"count":1,"href":"https:\/\/impactodenoticias.com.ar\/index.php?rest_route=\/wp\/v2\/posts\/32099\/revisions"}],"predecessor-version":[{"id":32102,"href":"https:\/\/impactodenoticias.com.ar\/index.php?rest_route=\/wp\/v2\/posts\/32099\/revisions\/32102"}],"wp:featuredmedia":[{"embeddable":true,"href":"https:\/\/impactodenoticias.com.ar\/index.php?rest_route=\/wp\/v2\/media\/32101"}],"wp:attachment":[{"href":"https:\/\/impactodenoticias.com.ar\/index.php?rest_route=%2Fwp%2Fv2%2Fmedia&parent=32099"}],"wp:term":[{"taxonomy":"category","embeddable":true,"href":"https:\/\/impactodenoticias.com.ar\/index.php?rest_route=%2Fwp%2Fv2%2Fcategories&post=32099"},{"taxonomy":"post_tag","embeddable":true,"href":"https:\/\/impactodenoticias.com.ar\/index.php?rest_route=%2Fwp%2Fv2%2Ftags&post=32099"}],"curies":[{"name":"wp","href":"https:\/\/api.w.org\/{rel}","templated":true}]}}