{"id":32104,"date":"2025-12-18T18:16:04","date_gmt":"2025-12-18T21:16:04","guid":{"rendered":"https:\/\/impactodenoticias.com.ar\/?p=32104"},"modified":"2025-12-18T18:16:05","modified_gmt":"2025-12-18T21:16:05","slug":"parana-dos-nuevos-detenidos-por-el-robo-de-cajas-fuertes-en-calle-malvinas","status":"publish","type":"post","link":"https:\/\/impactodenoticias.com.ar\/?p=32104","title":{"rendered":"Paran\u00e1: dos nuevos detenidos por el robo de cajas fuertes en calle Malvinas"},"content":{"rendered":"\n<p><\/p>\n\n\n\n<h2 class=\"wp-block-heading\">En el marco de la causa por el millonario robo de tres cajas fuertes del departamento de un edificio en calle Malvinas de la ciudad de Paran\u00e1, la Polic\u00eda de Entre R\u00edos realiz\u00f3 nuevos procedimientos y efectu\u00f3 la detenci\u00f3n de otras dos personas.<\/h2>\n\n\n\n<p>En el operativo se secuestr\u00f3 adem\u00e1s un autom\u00f3vil, dinero en efectivo en pesos y moneda extranjera, celulares y otros elementos vinculados a la investigaci\u00f3n.<\/p>\n\n\n\n<p><\/p>\n\n\n\n<figure class=\"wp-block-image size-full\"><img loading=\"lazy\" decoding=\"async\" width=\"696\" height=\"493\" src=\"https:\/\/impactodenoticias.com.ar\/wp-content\/uploads\/2025\/12\/Procedimientos-Policiales-Malvinas-Parana-1.webp\" alt=\"\" class=\"wp-image-32105\" srcset=\"https:\/\/impactodenoticias.com.ar\/wp-content\/uploads\/2025\/12\/Procedimientos-Policiales-Malvinas-Parana-1.webp 696w, https:\/\/impactodenoticias.com.ar\/wp-content\/uploads\/2025\/12\/Procedimientos-Policiales-Malvinas-Parana-1-300x213.webp 300w\" sizes=\"auto, (max-width: 696px) 100vw, 696px\" \/><\/figure>\n\n\n\n<p><\/p>\n\n\n\n<p>El procedimiento se realiz\u00f3 bajo las \u00f3rdenes de la fiscal Mar\u00eda de las Mercedes Nin y otorgado por el Juzgado de Garant\u00edas N\u00ba 4 de Juli\u00e1n Vergara.<\/p>\n\n\n\n<p><\/p>\n\n\n\n<figure class=\"wp-block-image size-full\"><img loading=\"lazy\" decoding=\"async\" width=\"681\" height=\"398\" src=\"https:\/\/impactodenoticias.com.ar\/wp-content\/uploads\/2025\/12\/Procedimientos-Policiales-Malvinas-Parana.webp\" alt=\"\" class=\"wp-image-32106\" srcset=\"https:\/\/impactodenoticias.com.ar\/wp-content\/uploads\/2025\/12\/Procedimientos-Policiales-Malvinas-Parana.webp 681w, https:\/\/impactodenoticias.com.ar\/wp-content\/uploads\/2025\/12\/Procedimientos-Policiales-Malvinas-Parana-300x175.webp 300w\" sizes=\"auto, (max-width: 681px) 100vw, 681px\" \/><\/figure>\n\n\n\n<p><\/p>\n\n\n\n<p>La causa se tiene cuatro personas detenidas, dos veh\u00edculos e innumerables elementos que ser\u00e1n peritados y se determinar\u00e1 la vinculaci\u00f3n con la investigaci\u00f3n que contin\u00faa con fines de dar con todos los responsables.<\/p>\n\n\n\n<p>Los primeros dos arrestos se llevaron a cabo el 5 de diciembre en los procedimientos efectuados en barrio 4 de Junio y en calle Hernandarias de Paran\u00e1, como adem\u00e1s del secuestro del primer veh\u00edculo.<\/p>\n\n\n\n<p>Fueron parte de los operativos los grupos especiales Comando de Operaciones Especiales y de Infanter\u00eda Adiestrada. La investigaci\u00f3n bajo la Divisi\u00f3n Robo y Hurtos y la colaboraci\u00f3n de Jefatura Departamental Paran\u00e1, comisar\u00edas y Polic\u00eda Cient\u00edfica.<\/p>\n","protected":false},"excerpt":{"rendered":"<p>En el marco de la causa por el millonario robo de tres cajas fuertes del departamento de un edificio en calle Malvinas de la ciudad de Paran&aacute;, la Polic&iacute;a de Entre R&iacute;os realiz&oacute; nuevos procedimientos y efectu&oacute; la detenci&oacute;n de otras dos personas. En el operativo se secuestr&oacute; adem&aacute;s un autom&oacute;vil, dinero en efectivo en [&hellip;]<\/p>\n","protected":false},"author":2,"featured_media":32107,"comment_status":"closed","ping_status":"closed","sticky":false,"template":"","format":"standard","meta":{"footnotes":""},"categories":[3,8],"tags":[236,138,3688,95,147],"class_list":["post-32104","post","type-post","status-publish","format-standard","has-post-thumbnail","hentry","category-locales","category-policiales","tag-calle","tag-detenidos","tag-malvinas","tag-parana","tag-robo"],"_links":{"self":[{"href":"https:\/\/impactodenoticias.com.ar\/index.php?rest_route=\/wp\/v2\/posts\/32104","targetHints":{"allow":["GET"]}}],"collection":[{"href":"https:\/\/impactodenoticias.com.ar\/index.php?rest_route=\/wp\/v2\/posts"}],"about":[{"href":"https:\/\/impactodenoticias.com.ar\/index.php?rest_route=\/wp\/v2\/types\/post"}],"author":[{"embeddable":true,"href":"https:\/\/impactodenoticias.com.ar\/index.php?rest_route=\/wp\/v2\/users\/2"}],"replies":[{"embeddable":true,"href":"https:\/\/impactodenoticias.com.ar\/index.php?rest_route=%2Fwp%2Fv2%2Fcomments&post=32104"}],"version-history":[{"count":1,"href":"https:\/\/impactodenoticias.com.ar\/index.php?rest_route=\/wp\/v2\/posts\/32104\/revisions"}],"predecessor-version":[{"id":32108,"href":"https:\/\/impactodenoticias.com.ar\/index.php?rest_route=\/wp\/v2\/posts\/32104\/revisions\/32108"}],"wp:featuredmedia":[{"embeddable":true,"href":"https:\/\/impactodenoticias.com.ar\/index.php?rest_route=\/wp\/v2\/media\/32107"}],"wp:attachment":[{"href":"https:\/\/impactodenoticias.com.ar\/index.php?rest_route=%2Fwp%2Fv2%2Fmedia&parent=32104"}],"wp:term":[{"taxonomy":"category","embeddable":true,"href":"https:\/\/impactodenoticias.com.ar\/index.php?rest_route=%2Fwp%2Fv2%2Fcategories&post=32104"},{"taxonomy":"post_tag","embeddable":true,"href":"https:\/\/impactodenoticias.com.ar\/index.php?rest_route=%2Fwp%2Fv2%2Ftags&post=32104"}],"curies":[{"name":"wp","href":"https:\/\/api.w.org\/{rel}","templated":true}]}}