{"id":32121,"date":"2025-12-19T10:31:34","date_gmt":"2025-12-19T13:31:34","guid":{"rendered":"https:\/\/impactodenoticias.com.ar\/?p=32121"},"modified":"2025-12-21T11:01:51","modified_gmt":"2025-12-21T14:01:51","slug":"parana-masiva-marcha-de-la-cgt-la-cta-y-organizaciones-sociales-contra-la-reforma-laboral-de-milei","status":"publish","type":"post","link":"https:\/\/impactodenoticias.com.ar\/?p=32121","title":{"rendered":"Paran\u00e1: masiva marcha de la CGT, la CTA y organizaciones sociales contra la reforma laboral de Milei"},"content":{"rendered":"\n<h2 class=\"wp-block-heading\">Con la presencia de varios sectores, la ciudad de Paran\u00e1 fue protagonista de una movilizaci\u00f3n encabezada por la Confederaci\u00f3n General del Trabajo de la Rep\u00fablica Argentina que termin\u00f3 en la puerta de Casa de Gobierno.<\/h2>\n\n\n\n<p>Este jueves se llev\u00f3 adelante la primera marcha en contra de la reforma laboral, convocada por la CGT y replicada en la ciudad capitalde la provincia de Entre R\u00edos. La jornada se inici\u00f3 con la concentraci\u00f3n en Plaza de Mayo y luego se dirigieron a Casa de Gobierno.<\/p>\n\n\n\n<p>Con el acompa\u00f1amiento de una multitud de representantes gremiales y sectoriales, en el cierre del acto se ley\u00f3 un documento en el que se expres\u00f3 el absoluto rechazo a la reforma laboral que impulsa el Gobierno nacional: \u201cEsta reforma laboral es la legalizaci\u00f3n de la precarizaci\u00f3n absoluta. Su contenido, que el Gobierno vende bajo la mentira de la modernizaci\u00f3n, representa un ataque formal a la ley de contrato de trabajo y a los convenios colectivos que han regido la vida de los trabajadores durante d\u00e9cadas\u201d, destacaron.<\/p>\n\n\n\n<p>En el escrito elaborado en conjunto se subray\u00f3 que el proyecto del Ejecutivo nacional solo \u201cbeneficia\u201d a los grandes grupos econ\u00f3micos, principalmente extranjeros. \u201cBusca reducir los costos de producci\u00f3n para garantizarles extraordinarias ganancias mientras que las y los trabajadores reciben salarios de miseria\u201d.<\/p>\n\n\n\n<p>Otro de los puntos por los cuales la CGT y otras organizaciones sociales se oponen a la reforma es que \u201cno ampl\u00eda derechos ni libertades sino que aumenta la inseguridad econ\u00f3mica, profundiza la violencia econ\u00f3mica, desarma la organizaci\u00f3n de la vida de laburantes registrados e informales y sue\u00f1a un pa\u00eds sin sindicatos, violando la constituci\u00f3n nacional\u201d.<\/p>\n\n\n\n<p>Por otra parte, el texto indica que esta reforma \u201crefuerza una estructura de desigualdad que ya ubica a mujeres y disidencias mayoritariamente en el empleo informal mal remunerado, o no reconocido al tiempo que invisibiliza el trabajo reproductivo y comunitario que sostiene la vida.<\/p>\n\n\n\n<p>Y advierte adem\u00e1s que en la iniciativa se incluyeron una serie de art\u00edculos que \u201carteramente quitan los grav\u00e1menes que hist\u00f3ricamente han permitido financiar los organismos de fomento y apoyo a la cultura\u201d. \u201cDe aprobarse esta nefasta ley no quedar\u00eda m\u00e1s que la c\u00e1scara vac\u00eda de lo que han sido los institutos insignia para el desarrollo del teatro, del cine y del arte en general\u201c, agrega.<\/p>\n\n\n\n<p>\u201cSeguimos en la calle, en unidad de organizados, con un plan de lucha hasta derrotar el ataque de Milei. Derechos laborales no se negocian. La organizaci\u00f3n sindical no se entrega. El ajuste no se tolera. No a la reforma laboral\u201d, apunt\u00f3.<\/p>\n\n\n\n<p><strong>Fuertes cr\u00edticas a la gesti\u00f3n de Rogelio Frigerio<\/strong><\/p>\n\n\n\n<p>El comunicado incluy\u00f3 tambi\u00e9n un duro mensaje al gobernador de Entre R\u00edos, Rogelio Frigerio. \u201cSigue el mismo camino que Milei, en dos a\u00f1os de gesti\u00f3n se cre\u00f3 una deuda impagable al mismo tiempo que ajusta y se jacta de reducir el Estado\u201d. Y agreg\u00f3: \u201cAtaca a los trabajadores estatales y a la docencia; cierra centros educativos; amenaza con quitar carreras en terciarios; elimina programas y \u00e1reas enteras\u201d.<\/p>\n\n\n\n<p>Y cuestion\u00f3 tambi\u00e9n la reprogramaci\u00f3n de las paritarias a febrero: \u201cMantiene a los trabajadores en la pobreza neg\u00e1ndose a reabrir paritarias y mantiene atrasos de meses en el pago de salarios a trabajadores como es el caso de los capacitadores docentes\u201d, destacaron. Asimismo, a la reforma previsional: \u201cImplicar\u00eda un ajuste sobre jubiladas y jubilados pretendiendo elevar la edad jubilatoria, quitar los reg\u00edmenes especiales y reducir el acceso a una jubilaci\u00f3n m\u00ednima\u201d, se\u00f1alaron.<\/p>\n\n\n\n<p><strong>El documento completo: \u201cRechazo a la reforma laboral y contra el presupuesto de ajuste\u201d<\/strong><\/p>\n\n\n\n<p><em>Nos encontramos hoy luego de esta marcha y en todas las plazas del pa\u00eds para expresar nuestro rechazo a la reforma laboral esclavista que Milei quiere imponer a las y los trabajadores. Mientras apura un presupuesto de ajuste y hambre, con recortes en todas las \u00e1reas, tras el rev\u00e9s sufrido hoy en la C\u00e1mara de Diputados, donde no logr\u00f3 avanzar con la derogaci\u00f3n del financiamiento universitario ni de la emergencia en discapacidad.<\/em><\/p>\n\n\n\n<p><em>Esta reforma laboral es la legalizaci\u00f3n de la precarizaci\u00f3n absoluta. Su contenido, que el gobierno vende bajo la mentira de la modernizaci\u00f3n, representa un ataque frontal a la Ley de Contrato de Trabajo y a los convenios colectivos que han regido la vida de los trabajadores durante d\u00e9cadas. Esta reforma beneficia exclusivamente a los grandes grupos econ\u00f3micos principalmente extranjeros, busca reducir los costos de producci\u00f3n para garantizarles extraordinarias ganancias mientras que las y los trabajadores reciban salarios de miseria. Ataca la estabilidad, los salarios y la organizaci\u00f3n sindical de las y los trabajadores.<\/em><\/p>\n\n\n\n<p><em>La reforma que propone el gobierno nacional no ampl\u00eda derechos ni libertades: aumenta la inseguridad econ\u00f3mica, profundiza la violencia econ\u00f3mica, desarma la organizaci\u00f3n de las vidas de laburantes registrados e informales, <strong>Y SUE\u00d1A UN PA\u00cdS SIN SINDICATOS<\/strong>, violando la constituci\u00f3n nacional. Tiene ganadores y perdedores: en todos los art\u00edculos, los que perdemos somos los y las trabajadores.<\/em><\/p>\n\n\n\n<p><em>La reforma habilita la extensi\u00f3n de la jornada laboral hasta 12 horas mediante un banco de horas que elimina el pago de horas extras, legaliza el fraude laboral a trav\u00e9s de la figura del monotributo, debilita la negociaci\u00f3n colectiva al priorizar los convenios por empresa y ataca el derecho a huelga mediante la limitaci\u00f3n de las asambleas y la penalizaci\u00f3n de los bloqueos.<\/em><\/p>\n\n\n\n<p><em>La reforma refuerza una estructura de desigualdad que ya ubica a mujeres y disidencias mayoritariamente en el empleo informal, mal remunerado, discontinuo o no reconocido, al tiempo que invisibiliza el trabajo reproductivo y comunitario que sostiene la vida.<\/em><\/p>\n\n\n\n<p><em>Todo el proyecto est\u00e1 orientado a disciplinar a la clase trabajadora, fragmentar su organizaci\u00f3n y aumentar la explotaci\u00f3n. A su vez, solapadamente, han inclu\u00eddo en el proyecto de reforma laboral una serie de art\u00edculos que arteramente quitan los grav\u00e1menes que hist\u00f3ricamente han permitido financiar los organismos de fomento y apoyo a la Cultura. De este modo &#8211; y de aprobarse esta nefasta ley &#8211; no quedar\u00eda m\u00e1s que la c\u00e1scara vac\u00eda de lo que han sido institutos insignias para el desarrollo de nuestro teatro, nuestro cine y nuestro arte en general. Como lo son el INCAA y el Instituto Nacional del Teatro, entre otros. Frente a esto, declaramos que la Cultura es trabajo, que lxs trabajadores de la Cultura somos tambi\u00e9n sujetos de derecho y &#8211; por sobre todas las cosas &#8211; que el acceso irrestricto a las actividades culturales y art\u00edsticas es un derecho inalienable que el Estado debe garantizar.<\/em><\/p>\n\n\n\n<p><em>Expresamos nuestra solidaridad con las y los trabajadores del Hospital Garrahan, cuya lucha nos muestra el camino de la organizaci\u00f3n y la pelea colectiva. El Garrahan conquist\u00f3 un aumento salarial; sin embargo, hay 44 compa\u00f1eras y compa\u00f1eros que se encuentran sumariados, lo que constituye una clara persecuci\u00f3n por luchar y organizarse. Asimismo, expresamos nuestra solidaridad con el Sindicato del Vidrio ante el ataque sufrido en su sede. <strong>BASTA DE PERSEGUIR A LOS QUE LUCHAN<\/strong><\/em><\/p>\n\n\n\n<p><em>Rechazamos el presupuesto nacional 2026, que consolida el ajuste sobre educaci\u00f3n, salud, ciencia, cultura y pol\u00edticas sociales, mientras garantiza el pago de una deuda externa ileg\u00edtima. Este presupuesto profundiza la recesi\u00f3n, el desempleo y la pobreza. El recorte previsto es la consolidaci\u00f3n del ahogo que actualmente vivimos las universidades argentinas y sus trabajadores. Tenemos una ley de financiamiento que fue votada 4 veces y que el gobierno se niega a aplicar, incluso reconociendo que nos debe el 49% de aumento y que este proyecto de presupuesto pretende derogar junto a la ley de emergencia en discapacidad. Por eso decimos NO al presupuesto de ajuste, basta de destruir nuestro sistema universitario, de investigaci\u00f3n y de producci\u00f3n de conocimiento cient\u00edfico, basta de docentes y no docentes pobres. Aplicaci\u00f3n ya de la ley de financiamiento universitario, aumento salarial ya y paritarias libres, por una universidad de y para el pueblo trabajador.<\/em><\/p>\n\n\n\n<p><em>Decimos basta al endeudamiento externo, a la destrucci\u00f3n del mercado interno y a la apertura indiscriminada de importaciones que arrasa con la industria nacional, las pymes y el empleo. Hoy la ganancia de los sectores concentrados y de la timba financiera se sostienen con un endeudamiento externo nunca visto.<\/em><\/p>\n\n\n\n<p><em>En educaci\u00f3n Milei ataca la paritaria, rebaj\u00f3 el salario al eliminar el Incentivo y la conectividad, recort\u00f3 17 programas socioeducativos y avanza con reformas anti-educativas y que descomprometer\u00ecan al estado en su responsabilidad indelegable en los niveles secundario, inicial, especial y superior, avaladas en el Consejo Federal de Educaci\u00f3n por todos los ministros provinciales, por eso las replican los distintos gobernadores.<\/em><\/p>\n\n\n\n<p><em>En Entre R\u00edos, Frigerio sigue el mismo camino que Milei, en 2 a\u00f1os de gesti\u00f3n gener\u00f3 una deuda impagable, al mismo tiempo que ajusta y se jacta de reducir el Estado. Volvemos a repetir: las deudas ileg\u00edtimas no se pagan.<\/em><\/p>\n\n\n\n<p><em>En la provincia ataca a los trabajadores estatales y a la docencia. Cierra centros educativos, amenaza con quitar carreras en terciarios, elimina programas y \u00e1reas enteras, pone en riesgo la continuidad laboral de cientos de estatales precarizados, recorta el salario quitando las horas extras, mantiene a los trabajadores en la pobreza neg\u00e1ndose a reabrir paritarias y mantiene atrasos de meses en el pago de salarios a trabajadores, como es el caso de los capacitadores docentes.<\/em><\/p>\n\n\n\n<p><em>Manifestamos nuestro rechazo al proyecto de reforma previsional que implicar\u00eda un ajuste sobre jubiladas y jubilados, pretendiendo elevar la edad jubilatoria, quitar los reg\u00edmenes especiales y reducir el acceso a una jubilaci\u00f3n digna.<\/em><\/p>\n\n\n\n<p><em>Decimos S\u00cd al Iosper solidario y NO al Oser negociado. Desde la intervenci\u00f3n del Iosper y la creaci\u00f3n de la nueva obra social, vemos que el acceso a la salud de los trabajadores entrerrianos se deterior\u00f3 en gran manera. reafirmamos nuestro compromiso de recuperar nuestro Iosper con un sentido solidario, una experiencia hist\u00f3rica que debe ser reivindicada y multiplicada.<\/em><\/p>\n\n\n\n<p><em>Estamos en defensa de la soberan\u00eda nacional y nos pronunciamos contra el modelo extractivista que saquea los bienes comunes, destruye el ambiente, a las econom\u00edas regionales, y beneficia a corporaciones multinacionales en detrimento de las comunidades locales y de la soberan\u00eda nacional. \u00a1No a la modificaci\u00f3n de la ley de glaciares! \u00a1No a la hidrov\u00eda!<\/em><\/p>\n\n\n\n<p><em>Defendemos la integridad territorial de nuestra patria, que se extiende desde La Quiaca hasta el Polo Sur. Nos plantamos contra las bases militares de las potencias imperialistas en nuestro territorio, no queremos a la OTAN en nuestra cuenca. Rechazamos la injerencia del FMI y dem\u00e1s organismos financieros en nuestras pol\u00edticas internas.<\/em><\/p>\n\n\n\n<p><em>Exigimos el reconocimiento pleno de las y los trabajadores de la econom\u00eda popular. La reactivaci\u00f3n de las obras de integraci\u00f3n Socio urbana en los barrios populares de todo el pa\u00eds, el reconocimiento salarial para las trabajadoras sociocomunitarias de la provincia. La construcci\u00f3n de una pol\u00edtica provincial que busque reconocer el derecho a la alimentaci\u00f3n y no sea s\u00f3lo una asistencia.<\/em><\/p>\n\n\n\n<p><em>Es necesario un fortalecimiento a las cooperativas de trabajo que han desarrollado obras a lo largo y ancho del pa\u00eds.<\/em><\/p>\n\n\n\n<p><em>Le decimos NO al cierre de espacios de atenci\u00f3n comunitaria y de casas convivenciales en las que acompa\u00f1amos a personas atravesadas por el consumo problem\u00e1tico. La econom\u00eda popular no es informalidad ni asistencia: es trabajo.<\/em><\/p>\n\n\n\n<p><em>Es el trabajo que sostiene la vida donde el mercado excluye y el Estado no llega de manera suficiente.<\/em><\/p>\n\n\n\n<p><em>Ese trabajo organiza, cuida, previene y construye comunidad. No es voluntariado ni caridad: es trabajo.<\/em><\/p>\n\n\n\n<p><em>A 50 a\u00f1os del golpe c\u00edvico-militar genocida, reafirmamos el compromiso con la memoria, la verdad y la justicia. Nunca M\u00e1s al terrorismo de Estado, nunca M\u00e1s a la represi\u00f3n y a la persecuci\u00f3n pol\u00edtica. Levantamos la consigna de Palestina libre, en defensa de los derechos humanos y contra todo genocidio.<\/em><\/p>\n\n\n\n<p><em>A 24 a\u00f1os del 19 y 20 de diciembre decimos: no al ajuste, la represi\u00f3n y la entrega de nuestra soberan\u00eda.<\/em><\/p>\n\n\n\n<p><em>Seguimos reivindicando las experiencias de movilizaci\u00f2n y organizaci\u00f2n obrera y popular de las jornadas del Argentinazo, la unidad obrero estudiantil plasmada en las calles, en las plazas y en las rutas, el piquete y las asambleas masivas convocadas para deliberar y resolver, las propuestas program\u00e1ticas de gobierno elaborados en el debate dentro de las multisectoriales. Fue la primera vez que una pueblada ech\u00f3 a un gobierno antipopular, ajustador y entreguista. Como en el Cordobazo, el Correntinazo, pasamos en limpio la experiencia de lucha acumulada. Reivindicamos la memoria de nuestros ca\u00eddos, seguimos reclamando justicia por Romina Itura\u00edn, Elo\u00edsa Paniagua, Jos\u00e9 Daniel Rodr\u00edguez, Pocho Lepratti y los 35 compa\u00f1eros ca\u00eddos bajo la represi\u00f3n de De La R\u00faa. Seguimos exigiendo juicio y castigo a todos los responsables pol\u00edticos y materiales de los cr\u00edmenes en la represi\u00f3n. No olvidamos que Montiel y De La R\u00faa murieron impunes.<\/em><\/p>\n\n\n\n<p><em>Seguiremos en la calle, en unidad y organizados, con un plan de lucha hasta derrotar el ataque de Milei. Los derechos laborales no se negocian, la organizaci\u00f3n sindical no se entrega, el ajuste no se tolera. <strong>\u00ab\u00a1No a la reforma laboral!\u00bb<\/strong><\/em>.<\/p>\n\n\n\n<p><\/p>\n","protected":false},"excerpt":{"rendered":"<p>Con la presencia de varios sectores, la ciudad de Paran&aacute; fue protagonista de una movilizaci&oacute;n encabezada por la Confederaci&oacute;n General del Trabajo de la Rep&uacute;blica Argentina que termin&oacute; en la puerta de Casa de Gobierno. Este jueves se llev&oacute; adelante la primera marcha en contra de la reforma laboral, convocada por la CGT y replicada [&hellip;]<\/p>\n","protected":false},"author":2,"featured_media":32122,"comment_status":"closed","ping_status":"closed","sticky":false,"template":"","format":"standard","meta":{"footnotes":""},"categories":[91,3,11],"tags":[510,1507,212,209,362,95,813],"class_list":["post-32121","post","type-post","status-publish","format-standard","has-post-thumbnail","hentry","category-gremiales","category-locales","category-politica","tag-cgt","tag-cta","tag-javier-milei","tag-laboral","tag-marcha","tag-parana","tag-reforma"],"_links":{"self":[{"href":"https:\/\/impactodenoticias.com.ar\/index.php?rest_route=\/wp\/v2\/posts\/32121","targetHints":{"allow":["GET"]}}],"collection":[{"href":"https:\/\/impactodenoticias.com.ar\/index.php?rest_route=\/wp\/v2\/posts"}],"about":[{"href":"https:\/\/impactodenoticias.com.ar\/index.php?rest_route=\/wp\/v2\/types\/post"}],"author":[{"embeddable":true,"href":"https:\/\/impactodenoticias.com.ar\/index.php?rest_route=\/wp\/v2\/users\/2"}],"replies":[{"embeddable":true,"href":"https:\/\/impactodenoticias.com.ar\/index.php?rest_route=%2Fwp%2Fv2%2Fcomments&post=32121"}],"version-history":[{"count":1,"href":"https:\/\/impactodenoticias.com.ar\/index.php?rest_route=\/wp\/v2\/posts\/32121\/revisions"}],"predecessor-version":[{"id":32123,"href":"https:\/\/impactodenoticias.com.ar\/index.php?rest_route=\/wp\/v2\/posts\/32121\/revisions\/32123"}],"wp:featuredmedia":[{"embeddable":true,"href":"https:\/\/impactodenoticias.com.ar\/index.php?rest_route=\/wp\/v2\/media\/32122"}],"wp:attachment":[{"href":"https:\/\/impactodenoticias.com.ar\/index.php?rest_route=%2Fwp%2Fv2%2Fmedia&parent=32121"}],"wp:term":[{"taxonomy":"category","embeddable":true,"href":"https:\/\/impactodenoticias.com.ar\/index.php?rest_route=%2Fwp%2Fv2%2Fcategories&post=32121"},{"taxonomy":"post_tag","embeddable":true,"href":"https:\/\/impactodenoticias.com.ar\/index.php?rest_route=%2Fwp%2Fv2%2Ftags&post=32121"}],"curies":[{"name":"wp","href":"https:\/\/api.w.org\/{rel}","templated":true}]}}