{"id":32130,"date":"2025-12-20T09:33:08","date_gmt":"2025-12-20T12:33:08","guid":{"rendered":"https:\/\/impactodenoticias.com.ar\/?p=32130"},"modified":"2025-12-22T11:10:15","modified_gmt":"2025-12-22T14:10:15","slug":"la-venta-de-terrenos-del-procrear-en-parana-causa-tristeza-e-indignacion-expreso-caceres","status":"publish","type":"post","link":"https:\/\/impactodenoticias.com.ar\/?p=32130","title":{"rendered":"La venta de terrenos del Procrear en Paran\u00e1: \u201cCausa tristeza e indignaci\u00f3n\u201d, expres\u00f3 C\u00e1ceres"},"content":{"rendered":"\n<h2 class=\"wp-block-heading\">Jos\u00e9 C\u00e1ceres, presidente del Partido Justicialista (PJ) de Entre R\u00edos, rechaz\u00f3 en\u00e9rgicamente la decisi\u00f3n del Gobierno nacional de rematar viviendas y terrenos del plan Procrear. \u201cCausa tristeza e indignaci\u00f3n la decisi\u00f3n del gobierno nacional de rematar viviendas y terrenos del plan Procrear, entre ellos un predio de 50.000 m\u00b2 en Paran\u00e1 valuado en casi un mill\u00f3n de d\u00f3lares\u201d, se\u00f1al\u00f3 a trav\u00e9s de un comunicado.<\/h2>\n\n\n\n<p>El dirigente justicialista, quien adem\u00e1s fue presidente del Instituto Aut\u00e1rquico de Planeamiento y Vivienda (IAPV), alert\u00f3 sobre el impacto que esta medida tendr\u00e1 la provincia: \u201cPara Entre R\u00edos, que tiene un d\u00e9ficit habitacional estructural, esto representa un da\u00f1o muy grande. El gobernador Rogelio Frigerio no puede permanecer en silencio frente a esta decisi\u00f3n que afecta directamente a los entrerrianos\u201d, agreg\u00f3.<\/p>\n\n\n\n<p>Se\u00f1al\u00f3 que el terreno en nuestra provincia est\u00e1 en Avenida Ej\u00e9rcito 2751 y es el m\u00e1s grande de los tres predios que el gobierno nacional va a rematar. \u201cSe podr\u00edan haber construido cerca de 400 viviendas ah\u00ed\u201d, afirm\u00f3. Los otros dos predios est\u00e1n ubicados en Santa Fe y Ciudad de Buenos Aires.<\/p>\n\n\n\n<p>El exvicegobernador critic\u00f3 adem\u00e1s que \u201cesta medida elimina el Procrear sin garantizar que los futuros desarrollos privados sean accesibles para sectores medios y populares. El programa se destruye sin ninguna pol\u00edtica que lo reemplace\u201d.<\/p>\n\n\n\n<p>\u201cEs un mensaje directo a j\u00f3venes y trabajadores, que el Estado no los va a ayudar a construir su primera casa. El acceso a la vivienda pasa a depender solamente del mercado inmobiliario\u201d, indic\u00f3.<\/p>\n\n\n\n<p>En ese sentido, reclam\u00f3: \u201cEl gobernador tiene el deber de defender los intereses entrerrianos. Esto no es un hecho aislado, se trata de un modelo que retira al Estado de la planificaci\u00f3n urbana para entregarle ese sector estrat\u00e9gico al inter\u00e9s privado\u201d, insisti\u00f3.<\/p>\n\n\n\n<p>\u201cLa vivienda es una necesidad b\u00e1sica y un derecho consagrado en nuestra Constituci\u00f3n Nacional. Adem\u00e1s, la construcci\u00f3n de viviendas tiene un efecto virtuoso en la econom\u00eda, porque genera demanda de mano de obra, de materiales, activa el comercio local. Eliminar esta pol\u00edtica agrava la recesi\u00f3n que ya golpea a los sectores populares\u201d, se\u00f1al\u00f3.<\/p>\n\n\n\n<p>Finalizando, C\u00e1ceres expres\u00f3 que \u201cla pol\u00edtica de vivienda tiene que tener una mirada federal. Es la \u00fanica manera de garantizar el desarrollo integral del pa\u00eds. Entre R\u00edos tiene que defenderse y reclamar ante el gobierno nacional para frenar este remate que compromete el presente y el futuro de las familias entrerrianas\u201d, concluy\u00f3.<\/p>\n\n\n\n<p><\/p>\n\n\n\n<figure class=\"wp-block-embed is-type-wp-embed is-provider-incrustado wp-block-embed-incrustado\"><div class=\"wp-block-embed__wrapper\">\n<blockquote class=\"wp-embedded-content\" data-secret=\"H0k4sNyZmP\"><a href=\"https:\/\/impactodenoticias.com.ar\/?p=32124\">El Gobierno anunci\u00f3 el remate de tres predios del extinto plan Procrear en Entre R\u00edos, Santa Fe y CABA<\/a><\/blockquote><iframe loading=\"lazy\" class=\"wp-embedded-content\" sandbox=\"allow-scripts\" security=\"restricted\" style=\"position: absolute; visibility: hidden;\" title=\"\u00abEl Gobierno anunci\u00f3 el remate de tres predios del extinto plan Procrear en Entre R\u00edos, Santa Fe y CABA\u00bb \u2014 \" src=\"https:\/\/impactodenoticias.com.ar\/?p=32124&#038;embed=true#?secret=s5yhix1ix9#?secret=H0k4sNyZmP\" data-secret=\"H0k4sNyZmP\" width=\"600\" height=\"338\" frameborder=\"0\" marginwidth=\"0\" marginheight=\"0\" scrolling=\"no\"><\/iframe>\n<\/div><\/figure>\n\n\n\n<p><\/p>\n\n\n\n<p><\/p>\n","protected":false},"excerpt":{"rendered":"<p>Jos&eacute; C&aacute;ceres, presidente del Partido Justicialista (PJ) de Entre R&iacute;os, rechaz&oacute; en&eacute;rgicamente la decisi&oacute;n del Gobierno nacional de rematar viviendas y terrenos del plan Procrear. &ldquo;Causa tristeza e indignaci&oacute;n la decisi&oacute;n del gobierno nacional de rematar viviendas y terrenos del plan Procrear, entre ellos un predio de 50.000 m&sup2; en Paran&aacute; valuado en casi un [&hellip;]<\/p>\n","protected":false},"author":2,"featured_media":32125,"comment_status":"closed","ping_status":"closed","sticky":false,"template":"","format":"standard","meta":{"footnotes":""},"categories":[11,4],"tags":[506,4462,327,517],"class_list":["post-32130","post","type-post","status-publish","format-standard","has-post-thumbnail","hentry","category-politica","category-provinciales","tag-jose-caceres","tag-procrear","tag-terrenos","tag-venta"],"_links":{"self":[{"href":"https:\/\/impactodenoticias.com.ar\/index.php?rest_route=\/wp\/v2\/posts\/32130","targetHints":{"allow":["GET"]}}],"collection":[{"href":"https:\/\/impactodenoticias.com.ar\/index.php?rest_route=\/wp\/v2\/posts"}],"about":[{"href":"https:\/\/impactodenoticias.com.ar\/index.php?rest_route=\/wp\/v2\/types\/post"}],"author":[{"embeddable":true,"href":"https:\/\/impactodenoticias.com.ar\/index.php?rest_route=\/wp\/v2\/users\/2"}],"replies":[{"embeddable":true,"href":"https:\/\/impactodenoticias.com.ar\/index.php?rest_route=%2Fwp%2Fv2%2Fcomments&post=32130"}],"version-history":[{"count":1,"href":"https:\/\/impactodenoticias.com.ar\/index.php?rest_route=\/wp\/v2\/posts\/32130\/revisions"}],"predecessor-version":[{"id":32131,"href":"https:\/\/impactodenoticias.com.ar\/index.php?rest_route=\/wp\/v2\/posts\/32130\/revisions\/32131"}],"wp:featuredmedia":[{"embeddable":true,"href":"https:\/\/impactodenoticias.com.ar\/index.php?rest_route=\/wp\/v2\/media\/32125"}],"wp:attachment":[{"href":"https:\/\/impactodenoticias.com.ar\/index.php?rest_route=%2Fwp%2Fv2%2Fmedia&parent=32130"}],"wp:term":[{"taxonomy":"category","embeddable":true,"href":"https:\/\/impactodenoticias.com.ar\/index.php?rest_route=%2Fwp%2Fv2%2Fcategories&post=32130"},{"taxonomy":"post_tag","embeddable":true,"href":"https:\/\/impactodenoticias.com.ar\/index.php?rest_route=%2Fwp%2Fv2%2Ftags&post=32130"}],"curies":[{"name":"wp","href":"https:\/\/api.w.org\/{rel}","templated":true}]}}