{"id":32156,"date":"2025-12-22T11:09:43","date_gmt":"2025-12-22T14:09:43","guid":{"rendered":"https:\/\/impactodenoticias.com.ar\/?p=32156"},"modified":"2025-12-22T11:09:43","modified_gmt":"2025-12-22T14:09:43","slug":"colon-en-medio-de-una-violenta-pelea-un-hombre-fue-asesinado","status":"publish","type":"post","link":"https:\/\/impactodenoticias.com.ar\/?p=32156","title":{"rendered":"Col\u00f3n: en medio de una violenta pelea un hombre fue asesinado"},"content":{"rendered":"\n<h2 class=\"wp-block-heading\">Se trata de un sesinada tras una violenta pelea en la ciudad de Col\u00f3n. El hecho se sangre se registr\u00f3 este lunes en calle Noalles, entre Mir y Duran, zona Plan Libertad.<\/h2>\n\n\n\n<p>El crimen ocurri\u00f3 despu\u00e9s de una pelea en una viviena donde el due\u00f1o de la misma recibi\u00f3 un disparo. El sector se encuentra cerrado por m\u00f3viles y efectivos policiales, de la Departamental Col\u00f3n, Divisi\u00f3n Criminal\u00edstica y Cient\u00edfica, seg\u00fan public\u00f3 Canal 5 de Col\u00f3n.<\/p>\n\n\n\n<p>En el lugar ya se encuentra el fiscal Alejandro Perroud y Noelia Batto. Hasta el momento hay personas demoradas.<\/p>\n","protected":false},"excerpt":{"rendered":"<p>Se trata de un sesinada tras una violenta pelea en la ciudad de Col&oacute;n. El hecho se sangre se registr&oacute; este lunes en calle Noalles, entre Mir y Duran, zona Plan Libertad. El crimen ocurri&oacute; despu&eacute;s de una pelea en una viviena donde el due&ntilde;o de la misma recibi&oacute; un disparo. El sector se encuentra [&hellip;]<\/p>\n","protected":false},"author":2,"featured_media":32157,"comment_status":"closed","ping_status":"closed","sticky":false,"template":"","format":"standard","meta":{"footnotes":""},"categories":[8,4],"tags":[110,466],"class_list":["post-32156","post","type-post","status-publish","format-standard","has-post-thumbnail","hentry","category-policiales","category-provinciales","tag-asesinato","tag-colon"],"_links":{"self":[{"href":"https:\/\/impactodenoticias.com.ar\/index.php?rest_route=\/wp\/v2\/posts\/32156","targetHints":{"allow":["GET"]}}],"collection":[{"href":"https:\/\/impactodenoticias.com.ar\/index.php?rest_route=\/wp\/v2\/posts"}],"about":[{"href":"https:\/\/impactodenoticias.com.ar\/index.php?rest_route=\/wp\/v2\/types\/post"}],"author":[{"embeddable":true,"href":"https:\/\/impactodenoticias.com.ar\/index.php?rest_route=\/wp\/v2\/users\/2"}],"replies":[{"embeddable":true,"href":"https:\/\/impactodenoticias.com.ar\/index.php?rest_route=%2Fwp%2Fv2%2Fcomments&post=32156"}],"version-history":[{"count":1,"href":"https:\/\/impactodenoticias.com.ar\/index.php?rest_route=\/wp\/v2\/posts\/32156\/revisions"}],"predecessor-version":[{"id":32158,"href":"https:\/\/impactodenoticias.com.ar\/index.php?rest_route=\/wp\/v2\/posts\/32156\/revisions\/32158"}],"wp:featuredmedia":[{"embeddable":true,"href":"https:\/\/impactodenoticias.com.ar\/index.php?rest_route=\/wp\/v2\/media\/32157"}],"wp:attachment":[{"href":"https:\/\/impactodenoticias.com.ar\/index.php?rest_route=%2Fwp%2Fv2%2Fmedia&parent=32156"}],"wp:term":[{"taxonomy":"category","embeddable":true,"href":"https:\/\/impactodenoticias.com.ar\/index.php?rest_route=%2Fwp%2Fv2%2Fcategories&post=32156"},{"taxonomy":"post_tag","embeddable":true,"href":"https:\/\/impactodenoticias.com.ar\/index.php?rest_route=%2Fwp%2Fv2%2Ftags&post=32156"}],"curies":[{"name":"wp","href":"https:\/\/api.w.org\/{rel}","templated":true}]}}